{"id":314,"date":"2014-07-04T10:02:25","date_gmt":"2014-07-04T08:02:25","guid":{"rendered":"http:\/\/support.rentila.com\/?p=314"},"modified":"2024-06-27T19:36:23","modified_gmt":"2024-06-27T17:36:23","slug":"coliving","status":"publish","type":"post","link":"https:\/\/www.rentila.pt\/support\/archives\/314","title":{"rendered":"Arrendamento em ocupa\u00e7\u00e3o m\u00faltipla, Coliving"},"content":{"rendered":"<p>Com a Rentila, pode gerir facilmente o coliving e os HMOs (Houses of Multiple Occupancy ou Arrendamentos em ocupa\u00e7\u00e3o m\u00faltipla). Para tal, \u00e9 necess\u00e1rio criar uma ou mais \u201cunidades\u201d (uma unidade pode representar um apartamento ou um quarto) e, em seguida, atribuir inquilinos a essas unidades.<\/p>\n<p>Tem a op\u00e7\u00e3o de criar um arrendamento conjunto, ou seja, um contrato de arrendamento conjunto em que uma unidade \u00e9 arrendada a v\u00e1rios inquilinos. Em alternativa, pode optar por arrendamentos individuais, cada um com um contrato de arrendamento individual, em que cada inquilino aluga um quarto individual ao utilizador.<\/p>\n<h3>Arrendamento em conjunto: renda comum e recibos de renda<\/h3>\n<p>Comece por criar um registo para cada inquilino na sec\u00e7\u00e3o \u201cInquilinos\u201d. Ao criar o arrendamento, pode adicionar v\u00e1rios arrendat\u00e1rios. Basta clicar no bot\u00e3o \u201cAdicionar um inquilino\u201d, selecionar o inquilino e confirmar.<\/p>\n<h3>Arrendamento individual: rendas individuais e recibos de renda<\/h3>\n<p>Se pretender emitir um recibo individual para cada inquilino, \u00e9 necess\u00e1rio criar um contrato de arrendamento separado para cada inquilino.<\/p>\n<p>Por exemplo, se estiver a alugar quartos individuais numa casa partilhada por 5 inquilinos, ter\u00e1 de criar 5 \u201cunidades\u201d, uma para cada quarto. Depois, pode criar 5 contratos de arrendamento separados, cada um associado ao quarto arrendado por um inquilino.<\/p>\n","protected":false},"excerpt":{"rendered":"<p>Com a Rentila, pode gerir facilmente o coliving e os HMOs (Houses of Multiple Occupancy ou Arrendamentos em ocupa\u00e7\u00e3o m\u00faltipla). Para tal, \u00e9 necess\u00e1rio criar uma ou mais \u201cunidades\u201d (uma unidade pode representar um apartamento ou um quarto) e, em seguida, atribuir inquilinos a essas unidades. Tem a op\u00e7\u00e3o de criar um arrendamento conjunto, ou<\/p>\n","protected":false},"author":1,"featured_media":0,"comment_status":"closed","ping_status":"closed","sticky":false,"template":"","format":"standard","meta":{"footnotes":""},"categories":[8,7],"tags":[25,221,126,24,223],"class_list":["post-314","post","type-post","status-publish","format-standard","hentry","category-tenants","category-arrendamentos","tag-arrendamento","tag-arrendamento-em-ocupacao-multipla","tag-fatura","tag-inquilinos","tag-partilha"],"yoast_head":"<!-- This site is optimized with the Yoast SEO plugin v27.3 - https:\/\/yoast.com\/product\/yoast-seo-wordpress\/ -->\n<title>Arrendamento em ocupa\u00e7\u00e3o m\u00faltipla, Coliving<\/title>\n<meta name=\"description\" content=\"Cuando crea un alquiler, puede agregar varios inquilinos como compa\u00f1eros de habitaci\u00f3n. Simplemente haga clic en el bot\u00f3n Agregar inquilino, seleccione un inquilino y confirme.\" \/>\n<meta name=\"robots\" content=\"index, follow, max-snippet:-1, max-image-preview:large, max-video-preview:-1\" \/>\n<link rel=\"canonical\" href=\"https:\/\/www.rentila.pt\/support\/archives\/314\" \/>\n<meta property=\"og:locale\" content=\"pt_PT\" \/>\n<meta property=\"og:type\" content=\"article\" \/>\n<meta property=\"og:title\" content=\"Arrendamento em ocupa\u00e7\u00e3o m\u00faltipla, Coliving\" \/>\n<meta property=\"og:description\" content=\"Cuando crea un alquiler, puede agregar varios inquilinos como compa\u00f1eros de habitaci\u00f3n. Simplemente haga clic en el bot\u00f3n Agregar inquilino, seleccione un inquilino y confirme.\" \/>\n<meta property=\"og:url\" content=\"https:\/\/www.rentila.pt\/support\/archives\/314\" \/>\n<meta property=\"og:site_name\" content=\"Centro de ajuda - Rentila\" \/>\n<meta property=\"article:published_time\" content=\"2014-07-04T08:02:25+00:00\" \/>\n<meta property=\"article:modified_time\" content=\"2024-06-27T17:36:23+00:00\" \/>\n<meta name=\"author\" content=\"admin\" \/>\n<meta name=\"twitter:card\" content=\"summary_large_image\" \/>\n<meta name=\"twitter:label1\" content=\"Escrito por\" \/>\n\t<meta name=\"twitter:data1\" content=\"admin\" \/>\n\t<meta name=\"twitter:label2\" content=\"Tempo estimado de leitura\" \/>\n\t<meta name=\"twitter:data2\" content=\"2 minutos\" \/>\n<script type=\"application\/ld+json\" class=\"yoast-schema-graph\">{\"@context\":\"https:\\\/\\\/schema.org\",\"@graph\":[{\"@type\":\"Article\",\"@id\":\"https:\\\/\\\/www.rentila.pt\\\/support\\\/archives\\\/314#article\",\"isPartOf\":{\"@id\":\"https:\\\/\\\/www.rentila.pt\\\/support\\\/archives\\\/314\"},\"author\":{\"name\":\"admin\",\"@id\":\"https:\\\/\\\/www.rentila.pt\\\/support\\\/#\\\/schema\\\/person\\\/ea0b4e92365ea4bc429daef5d69eb7f5\"},\"headline\":\"Arrendamento em ocupa\u00e7\u00e3o m\u00faltipla, Coliving\",\"datePublished\":\"2014-07-04T08:02:25+00:00\",\"dateModified\":\"2024-06-27T17:36:23+00:00\",\"mainEntityOfPage\":{\"@id\":\"https:\\\/\\\/www.rentila.pt\\\/support\\\/archives\\\/314\"},\"wordCount\":214,\"keywords\":[\"Arrendamento\",\"arrendamento em ocupa\u00e7\u00e3o m\u00faltipla\",\"Fatura\",\"Inquilinos\",\"partilha\"],\"articleSection\":[\"Inquilinos\",\"Arrendamentos\"],\"inLanguage\":\"pt-PT\"},{\"@type\":\"WebPage\",\"@id\":\"https:\\\/\\\/www.rentila.pt\\\/support\\\/archives\\\/314\",\"url\":\"https:\\\/\\\/www.rentila.pt\\\/support\\\/archives\\\/314\",\"name\":\"Arrendamento em ocupa\u00e7\u00e3o m\u00faltipla, Coliving\",\"isPartOf\":{\"@id\":\"https:\\\/\\\/www.rentila.pt\\\/support\\\/#website\"},\"datePublished\":\"2014-07-04T08:02:25+00:00\",\"dateModified\":\"2024-06-27T17:36:23+00:00\",\"author\":{\"@id\":\"https:\\\/\\\/www.rentila.pt\\\/support\\\/#\\\/schema\\\/person\\\/ea0b4e92365ea4bc429daef5d69eb7f5\"},\"description\":\"Cuando crea un alquiler, puede agregar varios inquilinos como compa\u00f1eros de habitaci\u00f3n. Simplemente haga clic en el bot\u00f3n Agregar inquilino, seleccione un inquilino y confirme.\",\"breadcrumb\":{\"@id\":\"https:\\\/\\\/www.rentila.pt\\\/support\\\/archives\\\/314#breadcrumb\"},\"inLanguage\":\"pt-PT\",\"potentialAction\":[{\"@type\":\"ReadAction\",\"target\":[\"https:\\\/\\\/www.rentila.pt\\\/support\\\/archives\\\/314\"]}]},{\"@type\":\"BreadcrumbList\",\"@id\":\"https:\\\/\\\/www.rentila.pt\\\/support\\\/archives\\\/314#breadcrumb\",\"itemListElement\":[{\"@type\":\"ListItem\",\"position\":1,\"name\":\"Accueil\",\"item\":\"https:\\\/\\\/www.rentila.pt\\\/support\\\/\"},{\"@type\":\"ListItem\",\"position\":2,\"name\":\"Arrendamento em ocupa\u00e7\u00e3o m\u00faltipla, Coliving\"}]},{\"@type\":\"WebSite\",\"@id\":\"https:\\\/\\\/www.rentila.pt\\\/support\\\/#website\",\"url\":\"https:\\\/\\\/www.rentila.pt\\\/support\\\/\",\"name\":\"Centro de ajuda - Rentila\",\"description\":\"\",\"potentialAction\":[{\"@type\":\"SearchAction\",\"target\":{\"@type\":\"EntryPoint\",\"urlTemplate\":\"https:\\\/\\\/www.rentila.pt\\\/support\\\/?s={search_term_string}\"},\"query-input\":{\"@type\":\"PropertyValueSpecification\",\"valueRequired\":true,\"valueName\":\"search_term_string\"}}],\"inLanguage\":\"pt-PT\"},{\"@type\":\"Person\",\"@id\":\"https:\\\/\\\/www.rentila.pt\\\/support\\\/#\\\/schema\\\/person\\\/ea0b4e92365ea4bc429daef5d69eb7f5\",\"name\":\"admin\",\"image\":{\"@type\":\"ImageObject\",\"inLanguage\":\"pt-PT\",\"@id\":\"https:\\\/\\\/secure.gravatar.com\\\/avatar\\\/20e4a7d3e81bf2b540f56b8c153cb632e62dc95802d33694aa38846415dc20d1?s=96&d=mm&r=g\",\"url\":\"https:\\\/\\\/secure.gravatar.com\\\/avatar\\\/20e4a7d3e81bf2b540f56b8c153cb632e62dc95802d33694aa38846415dc20d1?s=96&d=mm&r=g\",\"contentUrl\":\"https:\\\/\\\/secure.gravatar.com\\\/avatar\\\/20e4a7d3e81bf2b540f56b8c153cb632e62dc95802d33694aa38846415dc20d1?s=96&d=mm&r=g\",\"caption\":\"admin\"},\"url\":\"https:\\\/\\\/www.rentila.pt\\\/support\\\/archives\\\/author\\\/admin\"}]}<\/script>\n<!-- \/ Yoast SEO plugin. -->","yoast_head_json":{"title":"Arrendamento em ocupa\u00e7\u00e3o m\u00faltipla, Coliving","description":"Cuando crea un alquiler, puede agregar varios inquilinos como compa\u00f1eros de habitaci\u00f3n. Simplemente haga clic en el bot\u00f3n Agregar inquilino, seleccione un inquilino y confirme.","robots":{"index":"index","follow":"follow","max-snippet":"max-snippet:-1","max-image-preview":"max-image-preview:large","max-video-preview":"max-video-preview:-1"},"canonical":"https:\/\/www.rentila.pt\/support\/archives\/314","og_locale":"pt_PT","og_type":"article","og_title":"Arrendamento em ocupa\u00e7\u00e3o m\u00faltipla, Coliving","og_description":"Cuando crea un alquiler, puede agregar varios inquilinos como compa\u00f1eros de habitaci\u00f3n. Simplemente haga clic en el bot\u00f3n Agregar inquilino, seleccione un inquilino y confirme.","og_url":"https:\/\/www.rentila.pt\/support\/archives\/314","og_site_name":"Centro de ajuda - Rentila","article_published_time":"2014-07-04T08:02:25+00:00","article_modified_time":"2024-06-27T17:36:23+00:00","author":"admin","twitter_card":"summary_large_image","twitter_misc":{"Escrito por":"admin","Tempo estimado de leitura":"2 minutos"},"schema":{"@context":"https:\/\/schema.org","@graph":[{"@type":"Article","@id":"https:\/\/www.rentila.pt\/support\/archives\/314#article","isPartOf":{"@id":"https:\/\/www.rentila.pt\/support\/archives\/314"},"author":{"name":"admin","@id":"https:\/\/www.rentila.pt\/support\/#\/schema\/person\/ea0b4e92365ea4bc429daef5d69eb7f5"},"headline":"Arrendamento em ocupa\u00e7\u00e3o m\u00faltipla, Coliving","datePublished":"2014-07-04T08:02:25+00:00","dateModified":"2024-06-27T17:36:23+00:00","mainEntityOfPage":{"@id":"https:\/\/www.rentila.pt\/support\/archives\/314"},"wordCount":214,"keywords":["Arrendamento","arrendamento em ocupa\u00e7\u00e3o m\u00faltipla","Fatura","Inquilinos","partilha"],"articleSection":["Inquilinos","Arrendamentos"],"inLanguage":"pt-PT"},{"@type":"WebPage","@id":"https:\/\/www.rentila.pt\/support\/archives\/314","url":"https:\/\/www.rentila.pt\/support\/archives\/314","name":"Arrendamento em ocupa\u00e7\u00e3o m\u00faltipla, Coliving","isPartOf":{"@id":"https:\/\/www.rentila.pt\/support\/#website"},"datePublished":"2014-07-04T08:02:25+00:00","dateModified":"2024-06-27T17:36:23+00:00","author":{"@id":"https:\/\/www.rentila.pt\/support\/#\/schema\/person\/ea0b4e92365ea4bc429daef5d69eb7f5"},"description":"Cuando crea un alquiler, puede agregar varios inquilinos como compa\u00f1eros de habitaci\u00f3n. Simplemente haga clic en el bot\u00f3n Agregar inquilino, seleccione un inquilino y confirme.","breadcrumb":{"@id":"https:\/\/www.rentila.pt\/support\/archives\/314#breadcrumb"},"inLanguage":"pt-PT","potentialAction":[{"@type":"ReadAction","target":["https:\/\/www.rentila.pt\/support\/archives\/314"]}]},{"@type":"BreadcrumbList","@id":"https:\/\/www.rentila.pt\/support\/archives\/314#breadcrumb","itemListElement":[{"@type":"ListItem","position":1,"name":"Accueil","item":"https:\/\/www.rentila.pt\/support\/"},{"@type":"ListItem","position":2,"name":"Arrendamento em ocupa\u00e7\u00e3o m\u00faltipla, Coliving"}]},{"@type":"WebSite","@id":"https:\/\/www.rentila.pt\/support\/#website","url":"https:\/\/www.rentila.pt\/support\/","name":"Centro de ajuda - Rentila","description":"","potentialAction":[{"@type":"SearchAction","target":{"@type":"EntryPoint","urlTemplate":"https:\/\/www.rentila.pt\/support\/?s={search_term_string}"},"query-input":{"@type":"PropertyValueSpecification","valueRequired":true,"valueName":"search_term_string"}}],"inLanguage":"pt-PT"},{"@type":"Person","@id":"https:\/\/www.rentila.pt\/support\/#\/schema\/person\/ea0b4e92365ea4bc429daef5d69eb7f5","name":"admin","image":{"@type":"ImageObject","inLanguage":"pt-PT","@id":"https:\/\/secure.gravatar.com\/avatar\/20e4a7d3e81bf2b540f56b8c153cb632e62dc95802d33694aa38846415dc20d1?s=96&d=mm&r=g","url":"https:\/\/secure.gravatar.com\/avatar\/20e4a7d3e81bf2b540f56b8c153cb632e62dc95802d33694aa38846415dc20d1?s=96&d=mm&r=g","contentUrl":"https:\/\/secure.gravatar.com\/avatar\/20e4a7d3e81bf2b540f56b8c153cb632e62dc95802d33694aa38846415dc20d1?s=96&d=mm&r=g","caption":"admin"},"url":"https:\/\/www.rentila.pt\/support\/archives\/author\/admin"}]}},"_links":{"self":[{"href":"https:\/\/www.rentila.pt\/support\/wp-json\/wp\/v2\/posts\/314","targetHints":{"allow":["GET"]}}],"collection":[{"href":"https:\/\/www.rentila.pt\/support\/wp-json\/wp\/v2\/posts"}],"about":[{"href":"https:\/\/www.rentila.pt\/support\/wp-json\/wp\/v2\/types\/post"}],"author":[{"embeddable":true,"href":"https:\/\/www.rentila.pt\/support\/wp-json\/wp\/v2\/users\/1"}],"replies":[{"embeddable":true,"href":"https:\/\/www.rentila.pt\/support\/wp-json\/wp\/v2\/comments?post=314"}],"version-history":[{"count":20,"href":"https:\/\/www.rentila.pt\/support\/wp-json\/wp\/v2\/posts\/314\/revisions"}],"predecessor-version":[{"id":3421,"href":"https:\/\/www.rentila.pt\/support\/wp-json\/wp\/v2\/posts\/314\/revisions\/3421"}],"wp:attachment":[{"href":"https:\/\/www.rentila.pt\/support\/wp-json\/wp\/v2\/media?parent=314"}],"wp:term":[{"taxonomy":"category","embeddable":true,"href":"https:\/\/www.rentila.pt\/support\/wp-json\/wp\/v2\/categories?post=314"},{"taxonomy":"post_tag","embeddable":true,"href":"https:\/\/www.rentila.pt\/support\/wp-json\/wp\/v2\/tags?post=314"}],"curies":[{"name":"wp","href":"https:\/\/api.w.org\/{rel}","templated":true}]}}