{"id":2331,"date":"2019-03-08T15:34:58","date_gmt":"2019-03-08T14:34:58","guid":{"rendered":"https:\/\/www.rentila.pt\/support\/?p=2331"},"modified":"2024-10-31T18:28:45","modified_gmt":"2024-10-31T17:28:45","slug":"calendario","status":"publish","type":"post","link":"https:\/\/www.rentila.pt\/support\/archives\/2331","title":{"rendered":"Calend\u00e1rio"},"content":{"rendered":"<p>Nesta sec\u00e7\u00e3o, pode criar e gerir eventos, ao mesmo tempo que tem uma vis\u00e3o geral dos eventos futuros, como o in\u00edcio e o fim dos arrendamentos, reservas, tarefas, interven\u00e7\u00f5es, bem como os eventos pontuais que criou, como compromissos e outros.<\/p>\n<p>Pode aceder-lhe utilizando o \u00edcone \u201cCalend\u00e1rio\u201d situado no canto superior esquerdo.<\/p>\n<p>Pode efetuar as seguintes opera\u00e7\u00f5es:<\/p>\n<ul>\n<li><strong>Criar<\/strong> um evento,<\/li>\n<li><strong>Editar<\/strong> um evento,<\/li>\n<li><strong>Apagar<\/strong> um evento.<\/li>\n<\/ul>\n<p>\u00c9 poss\u00edvel filtrar registos com base em diferentes crit\u00e9rios, como o propriet\u00e1rio, a propriedade ou a data.<\/p>\n<h3>Exportar o calend\u00e1rio para sincronizar com um calend\u00e1rio externo<\/h3>\n<p>Tem a op\u00e7\u00e3o de exportar os seus registos em formato iCal utilizando a op\u00e7\u00e3o de exporta\u00e7\u00e3o localizada na parte inferior da tabela. Pode ent\u00e3o utilizar a liga\u00e7\u00e3o iCal para sincronizar os seus dados com o Google Calendar e o Outlook.<\/p>\n","protected":false},"excerpt":{"rendered":"<p>Nesta sec\u00e7\u00e3o, pode criar e gerir eventos, ao mesmo tempo que tem uma vis\u00e3o geral dos eventos futuros, como o in\u00edcio e o fim dos arrendamentos, reservas, tarefas, interven\u00e7\u00f5es, bem como os eventos pontuais que criou, como compromissos e outros. Pode aceder-lhe utilizando o \u00edcone \u201cCalend\u00e1rio\u201d situado no canto superior esquerdo. Pode efetuar as seguintes<\/p>\n","protected":false},"author":1,"featured_media":0,"comment_status":"closed","ping_status":"closed","sticky":false,"template":"","format":"standard","meta":{"footnotes":""},"categories":[173],"tags":[174],"class_list":["post-2331","post","type-post","status-publish","format-standard","hentry","category-agenda","tag-calendario-2"],"yoast_head":"<!-- This site is optimized with the Yoast SEO plugin v27.3 - https:\/\/yoast.com\/product\/yoast-seo-wordpress\/ -->\n<title>Calend\u00e1rio Centro de ajuda - Rentila<\/title>\n<meta name=\"robots\" content=\"index, follow, max-snippet:-1, max-image-preview:large, max-video-preview:-1\" \/>\n<link rel=\"canonical\" href=\"https:\/\/www.rentila.pt\/support\/archives\/2331\" \/>\n<meta property=\"og:locale\" content=\"pt_PT\" \/>\n<meta property=\"og:type\" content=\"article\" \/>\n<meta property=\"og:title\" content=\"Calend\u00e1rio Centro de ajuda - Rentila\" \/>\n<meta property=\"og:description\" content=\"Nesta sec\u00e7\u00e3o, pode criar e gerir eventos, ao mesmo tempo que tem uma vis\u00e3o geral dos eventos futuros, como o in\u00edcio e o fim dos arrendamentos, reservas, tarefas, interven\u00e7\u00f5es, bem como os eventos pontuais que criou, como compromissos e outros. Pode aceder-lhe utilizando o \u00edcone \u201cCalend\u00e1rio\u201d situado no canto superior esquerdo. Pode efetuar as seguintes\" \/>\n<meta property=\"og:url\" content=\"https:\/\/www.rentila.pt\/support\/archives\/2331\" \/>\n<meta property=\"og:site_name\" content=\"Centro de ajuda - Rentila\" \/>\n<meta property=\"article:published_time\" content=\"2019-03-08T14:34:58+00:00\" \/>\n<meta property=\"article:modified_time\" content=\"2024-10-31T17:28:45+00:00\" \/>\n<meta name=\"author\" content=\"admin\" \/>\n<meta name=\"twitter:card\" content=\"summary_large_image\" \/>\n<meta name=\"twitter:label1\" content=\"Escrito por\" \/>\n\t<meta name=\"twitter:data1\" content=\"admin\" \/>\n\t<meta name=\"twitter:label2\" content=\"Tempo estimado de leitura\" \/>\n\t<meta name=\"twitter:data2\" content=\"1 minuto\" \/>\n<script type=\"application\/ld+json\" class=\"yoast-schema-graph\">{\"@context\":\"https:\\\/\\\/schema.org\",\"@graph\":[{\"@type\":\"Article\",\"@id\":\"https:\\\/\\\/www.rentila.pt\\\/support\\\/archives\\\/2331#article\",\"isPartOf\":{\"@id\":\"https:\\\/\\\/www.rentila.pt\\\/support\\\/archives\\\/2331\"},\"author\":{\"name\":\"admin\",\"@id\":\"https:\\\/\\\/www.rentila.pt\\\/support\\\/#\\\/schema\\\/person\\\/ea0b4e92365ea4bc429daef5d69eb7f5\"},\"headline\":\"Calend\u00e1rio\",\"datePublished\":\"2019-03-08T14:34:58+00:00\",\"dateModified\":\"2024-10-31T17:28:45+00:00\",\"mainEntityOfPage\":{\"@id\":\"https:\\\/\\\/www.rentila.pt\\\/support\\\/archives\\\/2331\"},\"wordCount\":148,\"keywords\":[\"Calend\u00e1rio\"],\"articleSection\":[\"Calend\u00e1rio\"],\"inLanguage\":\"pt-PT\"},{\"@type\":\"WebPage\",\"@id\":\"https:\\\/\\\/www.rentila.pt\\\/support\\\/archives\\\/2331\",\"url\":\"https:\\\/\\\/www.rentila.pt\\\/support\\\/archives\\\/2331\",\"name\":\"Calend\u00e1rio Centro de ajuda - Rentila\",\"isPartOf\":{\"@id\":\"https:\\\/\\\/www.rentila.pt\\\/support\\\/#website\"},\"datePublished\":\"2019-03-08T14:34:58+00:00\",\"dateModified\":\"2024-10-31T17:28:45+00:00\",\"author\":{\"@id\":\"https:\\\/\\\/www.rentila.pt\\\/support\\\/#\\\/schema\\\/person\\\/ea0b4e92365ea4bc429daef5d69eb7f5\"},\"breadcrumb\":{\"@id\":\"https:\\\/\\\/www.rentila.pt\\\/support\\\/archives\\\/2331#breadcrumb\"},\"inLanguage\":\"pt-PT\",\"potentialAction\":[{\"@type\":\"ReadAction\",\"target\":[\"https:\\\/\\\/www.rentila.pt\\\/support\\\/archives\\\/2331\"]}]},{\"@type\":\"BreadcrumbList\",\"@id\":\"https:\\\/\\\/www.rentila.pt\\\/support\\\/archives\\\/2331#breadcrumb\",\"itemListElement\":[{\"@type\":\"ListItem\",\"position\":1,\"name\":\"Accueil\",\"item\":\"https:\\\/\\\/www.rentila.pt\\\/support\\\/\"},{\"@type\":\"ListItem\",\"position\":2,\"name\":\"Calend\u00e1rio\"}]},{\"@type\":\"WebSite\",\"@id\":\"https:\\\/\\\/www.rentila.pt\\\/support\\\/#website\",\"url\":\"https:\\\/\\\/www.rentila.pt\\\/support\\\/\",\"name\":\"Centro de ajuda - Rentila\",\"description\":\"\",\"potentialAction\":[{\"@type\":\"SearchAction\",\"target\":{\"@type\":\"EntryPoint\",\"urlTemplate\":\"https:\\\/\\\/www.rentila.pt\\\/support\\\/?s={search_term_string}\"},\"query-input\":{\"@type\":\"PropertyValueSpecification\",\"valueRequired\":true,\"valueName\":\"search_term_string\"}}],\"inLanguage\":\"pt-PT\"},{\"@type\":\"Person\",\"@id\":\"https:\\\/\\\/www.rentila.pt\\\/support\\\/#\\\/schema\\\/person\\\/ea0b4e92365ea4bc429daef5d69eb7f5\",\"name\":\"admin\",\"image\":{\"@type\":\"ImageObject\",\"inLanguage\":\"pt-PT\",\"@id\":\"https:\\\/\\\/secure.gravatar.com\\\/avatar\\\/20e4a7d3e81bf2b540f56b8c153cb632e62dc95802d33694aa38846415dc20d1?s=96&d=mm&r=g\",\"url\":\"https:\\\/\\\/secure.gravatar.com\\\/avatar\\\/20e4a7d3e81bf2b540f56b8c153cb632e62dc95802d33694aa38846415dc20d1?s=96&d=mm&r=g\",\"contentUrl\":\"https:\\\/\\\/secure.gravatar.com\\\/avatar\\\/20e4a7d3e81bf2b540f56b8c153cb632e62dc95802d33694aa38846415dc20d1?s=96&d=mm&r=g\",\"caption\":\"admin\"},\"url\":\"https:\\\/\\\/www.rentila.pt\\\/support\\\/archives\\\/author\\\/admin\"}]}<\/script>\n<!-- \/ Yoast SEO plugin. -->","yoast_head_json":{"title":"Calend\u00e1rio Centro de ajuda - Rentila","robots":{"index":"index","follow":"follow","max-snippet":"max-snippet:-1","max-image-preview":"max-image-preview:large","max-video-preview":"max-video-preview:-1"},"canonical":"https:\/\/www.rentila.pt\/support\/archives\/2331","og_locale":"pt_PT","og_type":"article","og_title":"Calend\u00e1rio Centro de ajuda - Rentila","og_description":"Nesta sec\u00e7\u00e3o, pode criar e gerir eventos, ao mesmo tempo que tem uma vis\u00e3o geral dos eventos futuros, como o in\u00edcio e o fim dos arrendamentos, reservas, tarefas, interven\u00e7\u00f5es, bem como os eventos pontuais que criou, como compromissos e outros. Pode aceder-lhe utilizando o \u00edcone \u201cCalend\u00e1rio\u201d situado no canto superior esquerdo. Pode efetuar as seguintes","og_url":"https:\/\/www.rentila.pt\/support\/archives\/2331","og_site_name":"Centro de ajuda - Rentila","article_published_time":"2019-03-08T14:34:58+00:00","article_modified_time":"2024-10-31T17:28:45+00:00","author":"admin","twitter_card":"summary_large_image","twitter_misc":{"Escrito por":"admin","Tempo estimado de leitura":"1 minuto"},"schema":{"@context":"https:\/\/schema.org","@graph":[{"@type":"Article","@id":"https:\/\/www.rentila.pt\/support\/archives\/2331#article","isPartOf":{"@id":"https:\/\/www.rentila.pt\/support\/archives\/2331"},"author":{"name":"admin","@id":"https:\/\/www.rentila.pt\/support\/#\/schema\/person\/ea0b4e92365ea4bc429daef5d69eb7f5"},"headline":"Calend\u00e1rio","datePublished":"2019-03-08T14:34:58+00:00","dateModified":"2024-10-31T17:28:45+00:00","mainEntityOfPage":{"@id":"https:\/\/www.rentila.pt\/support\/archives\/2331"},"wordCount":148,"keywords":["Calend\u00e1rio"],"articleSection":["Calend\u00e1rio"],"inLanguage":"pt-PT"},{"@type":"WebPage","@id":"https:\/\/www.rentila.pt\/support\/archives\/2331","url":"https:\/\/www.rentila.pt\/support\/archives\/2331","name":"Calend\u00e1rio Centro de ajuda - Rentila","isPartOf":{"@id":"https:\/\/www.rentila.pt\/support\/#website"},"datePublished":"2019-03-08T14:34:58+00:00","dateModified":"2024-10-31T17:28:45+00:00","author":{"@id":"https:\/\/www.rentila.pt\/support\/#\/schema\/person\/ea0b4e92365ea4bc429daef5d69eb7f5"},"breadcrumb":{"@id":"https:\/\/www.rentila.pt\/support\/archives\/2331#breadcrumb"},"inLanguage":"pt-PT","potentialAction":[{"@type":"ReadAction","target":["https:\/\/www.rentila.pt\/support\/archives\/2331"]}]},{"@type":"BreadcrumbList","@id":"https:\/\/www.rentila.pt\/support\/archives\/2331#breadcrumb","itemListElement":[{"@type":"ListItem","position":1,"name":"Accueil","item":"https:\/\/www.rentila.pt\/support\/"},{"@type":"ListItem","position":2,"name":"Calend\u00e1rio"}]},{"@type":"WebSite","@id":"https:\/\/www.rentila.pt\/support\/#website","url":"https:\/\/www.rentila.pt\/support\/","name":"Centro de ajuda - Rentila","description":"","potentialAction":[{"@type":"SearchAction","target":{"@type":"EntryPoint","urlTemplate":"https:\/\/www.rentila.pt\/support\/?s={search_term_string}"},"query-input":{"@type":"PropertyValueSpecification","valueRequired":true,"valueName":"search_term_string"}}],"inLanguage":"pt-PT"},{"@type":"Person","@id":"https:\/\/www.rentila.pt\/support\/#\/schema\/person\/ea0b4e92365ea4bc429daef5d69eb7f5","name":"admin","image":{"@type":"ImageObject","inLanguage":"pt-PT","@id":"https:\/\/secure.gravatar.com\/avatar\/20e4a7d3e81bf2b540f56b8c153cb632e62dc95802d33694aa38846415dc20d1?s=96&d=mm&r=g","url":"https:\/\/secure.gravatar.com\/avatar\/20e4a7d3e81bf2b540f56b8c153cb632e62dc95802d33694aa38846415dc20d1?s=96&d=mm&r=g","contentUrl":"https:\/\/secure.gravatar.com\/avatar\/20e4a7d3e81bf2b540f56b8c153cb632e62dc95802d33694aa38846415dc20d1?s=96&d=mm&r=g","caption":"admin"},"url":"https:\/\/www.rentila.pt\/support\/archives\/author\/admin"}]}},"_links":{"self":[{"href":"https:\/\/www.rentila.pt\/support\/wp-json\/wp\/v2\/posts\/2331","targetHints":{"allow":["GET"]}}],"collection":[{"href":"https:\/\/www.rentila.pt\/support\/wp-json\/wp\/v2\/posts"}],"about":[{"href":"https:\/\/www.rentila.pt\/support\/wp-json\/wp\/v2\/types\/post"}],"author":[{"embeddable":true,"href":"https:\/\/www.rentila.pt\/support\/wp-json\/wp\/v2\/users\/1"}],"replies":[{"embeddable":true,"href":"https:\/\/www.rentila.pt\/support\/wp-json\/wp\/v2\/comments?post=2331"}],"version-history":[{"count":3,"href":"https:\/\/www.rentila.pt\/support\/wp-json\/wp\/v2\/posts\/2331\/revisions"}],"predecessor-version":[{"id":3917,"href":"https:\/\/www.rentila.pt\/support\/wp-json\/wp\/v2\/posts\/2331\/revisions\/3917"}],"wp:attachment":[{"href":"https:\/\/www.rentila.pt\/support\/wp-json\/wp\/v2\/media?parent=2331"}],"wp:term":[{"taxonomy":"category","embeddable":true,"href":"https:\/\/www.rentila.pt\/support\/wp-json\/wp\/v2\/categories?post=2331"},{"taxonomy":"post_tag","embeddable":true,"href":"https:\/\/www.rentila.pt\/support\/wp-json\/wp\/v2\/tags?post=2331"}],"curies":[{"name":"wp","href":"https:\/\/api.w.org\/{rel}","templated":true}]}}