{"id":8971,"date":"2026-03-11T20:18:50","date_gmt":"2026-03-11T20:18:50","guid":{"rendered":"https:\/\/www.rentila.pt\/blog\/?p=8971"},"modified":"2026-03-11T20:18:50","modified_gmt":"2026-03-11T20:18:50","slug":"licenca-utilizacao-e-alojamento-local","status":"publish","type":"post","link":"https:\/\/www.rentila.pt\/blog\/licenca-utilizacao-e-alojamento-local\/","title":{"rendered":"Arrendar im\u00f3vel legalmente: Licen\u00e7a de utiliza\u00e7\u00e3o e AL"},"content":{"rendered":"<div><img decoding=\"async\" class=\"alignleft size-full wp-image-516\" title=\"newspaper\" src=\"https:\/\/www.rentila.pt\/assets\/img\/blog\/blog_advice_4.png\" alt=\"Arrendar im\u00f3vel legalmente: Licen\u00e7a de utiliza\u00e7\u00e3o e AL\" width=\"100%\" height=\"\" \/><\/div>\n<p class=\"lead\">Muitos propriet\u00e1rios em Portugal questionam-se sobre a viabilidade de colocar o seu im\u00f3vel no mercado de arrendamento, seja para habita\u00e7\u00e3o permanente ou para fins tur\u00edsticos. No entanto, a resposta a esta quest\u00e3o n\u00e3o depende apenas da vontade do dono, mas sim do cumprimento estrito de normas legais.<\/p>\n<p class=\"lead\">Para que possa arrendar legalmente o seu im\u00f3vel, o pilar central de toda a conformidade reside na <strong>licen\u00e7a de utiliza\u00e7\u00e3o<\/strong>. Sem este documento, que atesta a aptid\u00e3o do edif\u00edcio para o fim pretendido, qualquer contrato de arrendamento pode ser considerado nulo e resultar em coimas pesadas. Neste artigo, vamos explorar os requisitos necess\u00e1rios para garantir que o seu investimento imobili\u00e1rio est\u00e1 protegido e dentro da lei.<\/p>\n<p><!--more--><\/p>\n<h2>O papel central da licen\u00e7a de utiliza\u00e7\u00e3o no arrendamento<\/h2>\n<p>A conformidade legal de um im\u00f3vel come\u00e7a muito antes da assinatura de qualquer contrato. A licen\u00e7a de utiliza\u00e7\u00e3o (tamb\u00e9m referida por vezes como alvar\u00e1 de utiliza\u00e7\u00e3o) \u00e9 o documento emitido pela C\u00e2mara Municipal da zona onde o im\u00f3vel se localiza, que <strong>define o uso permitido para aquela fra\u00e7\u00e3o \u2014 seja ele habitacional, comercial ou de servi\u00e7os<\/strong>.<\/p>\n<p>No contexto do arrendamento residencial padr\u00e3o, a quest\u00e3o central de conformidade \u00e9 saber se o im\u00f3vel est\u00e1 licenciado especificamente para esse fim. As diretrizes oficiais portuguesas s\u00e3o claras: o contrato de arrendamento habitacional deve ser celebrado por escrito e o im\u00f3vel arrendado deve, obrigatoriamente, possuir a devida licen\u00e7a de utiliza\u00e7\u00e3o para fins habitacionais. Este documento garante que a habita\u00e7\u00e3o cumpre os requisitos m\u00ednimos de salubridade, seguran\u00e7a e habitabilidade exigidos pelo <a href=\"https:\/\/diariodarepublica.pt\/dr\/legislacao-consolidada\/decreto-lei\/1951-120610500\" target=\"_blank\" rel=\"noopener\">Regulamento Geral das Edifica\u00e7\u00f5es Urbanas (RGEU)<\/a>.<\/p>\n<p>\u00c9 importante notar que, em edif\u00edcios anteriores a 1951, pode n\u00e3o existir uma licen\u00e7a, sendo nestes casos necess\u00e1ria uma certid\u00e3o de isen\u00e7\u00e3o emitida pela autarquia. Contudo, para a maioria do parque habitacional moderno, este documento \u00e9 indispens\u00e1vel para a legaliza\u00e7\u00e3o do neg\u00f3cio. A falta desta autoriza\u00e7\u00e3o impede n\u00e3o s\u00f3 o registo do contrato nas Finan\u00e7as, mas tamb\u00e9m a prote\u00e7\u00e3o jur\u00eddica do senhorio em caso de lit\u00edgio.<\/p>\n<h2>Arrendamento de longa dura\u00e7\u00e3o vs. Alojamento Local (AL)<\/h2>\n<p>Ao decidir colocar um im\u00f3vel no mercado, o propriet\u00e1rio deve compreender que existem dois caminhos legais distintos, cada um com as suas pr\u00f3prias exig\u00eancias e burocracias. \u00c9 fundamental distinguir entre o <a href=\"https:\/\/www.rentila.pt\/blog\/arrendamento-de-curta-ou-longa-duracao-qual-e-mais-rentavel-para-os-proprietarios\/\" target=\"_blank\" rel=\"noopener\">arrendamento habitacional de longa dura\u00e7\u00e3o<\/a> e a explora\u00e7\u00e3o de Alojamento Local (AL) para fins tur\u00edsticos, uma vez que se tratam de regimes jur\u00eddicos diferentes.<\/p>\n<h3>O regime do arrendamento de longa dura\u00e7\u00e3o<\/h3>\n<p>Este \u00e9 o modelo tradicional, regulado pelo C\u00f3digo Civil e pelo Novo Regime do Arrendamento Urbano (NRAU). Aqui, o objetivo \u00e9 a habita\u00e7\u00e3o permanente ou tempor\u00e1ria do inquilino. Para al\u00e9m da obriga\u00e7\u00e3o de possuir a licen\u00e7a de utiliza\u00e7\u00e3o, o senhorio deve garantir que o contrato cont\u00e9m todos os elementos obrigat\u00f3rios, como a identifica\u00e7\u00e3o das partes, a dura\u00e7\u00e3o do contrato e o valor da renda. Uma boa gest\u00e3o de propriedades come\u00e7a por assegurar que estes documentos est\u00e3o em ordem antes de procurar um inquilino.<\/p>\n<h3>Alojamento Local (AL): Regras para fins tur\u00edsticos<\/h3>\n<p>Se a sua inten\u00e7\u00e3o \u00e9 o arrendamento de curta dura\u00e7\u00e3o a turistas, entra no dom\u00ednio do Alojamento Local. Ao contr\u00e1rio do arrendamento tradicional, <strong>a atividade de AL deve ser obrigatoriamente registada antes de se iniciar qualquer opera\u00e7\u00e3o<\/strong>. Este registo \u00e9 efetuado atrav\u00e9s de uma comunica\u00e7\u00e3o pr\u00e9via no sistema eletr\u00f3nico de balc\u00e3o \u00fanico (Balc\u00e3o do Empreendedor).<\/p>\n<p>Ap\u00f3s esta comunica\u00e7\u00e3o, \u00e9 atribu\u00eddo ao estabelecimento um n\u00famero de registo de AL, que deve constar em toda a publicidade do im\u00f3vel (como no Airbnb ou Booking). No entanto, este registo n\u00e3o \u00e9 autom\u00e1tico no sentido de ser garantido: a c\u00e2mara municipal pode opor-se num prazo determinado se o im\u00f3vel n\u00e3o cumprir os requisitos ou se estiver localizado numa zona de restri\u00e7\u00e3o. \u00c9 essencial que o propriet\u00e1rio tenha o contrato de arrendamento (se for subarrendamento) ou o t\u00edtulo de propriedade devidamente regularizado para prosseguir com o AL.<\/p>\n<h2>Zonas de conten\u00e7\u00e3o e restri\u00e7\u00f5es municipais<\/h2>\n<p>Nem todos os im\u00f3veis com licen\u00e7a de utiliza\u00e7\u00e3o podem ser automaticamente convertidos em Alojamento Local. Com o aumento do turismo em cidades como Lisboa e Porto, foram criadas as chamadas &#8220;zonas de conten\u00e7\u00e3o&#8221;. <strong>Nestas \u00e1reas geogr\u00e1ficas espec\u00edficas, as autarquias podem limitar ou mesmo proibir a abertura de novos registos de AL<\/strong> para preservar o equil\u00edbrio social e o acesso \u00e0 habita\u00e7\u00e3o dos residentes locais.<\/p>\n<p>Antes de investir na prepara\u00e7\u00e3o de um im\u00f3vel para fins tur\u00edsticos, os propriet\u00e1rios devem verificar junto da C\u00e2mara Municipal se a fra\u00e7\u00e3o se encontra numa \u00e1rea restrita. Estas limita\u00e7\u00f5es podem ser tempor\u00e1rias ou definitivas, e ignor\u00e1-las pode levar ao encerramento imediato da atividade e \u00e0 aplica\u00e7\u00e3o de multas severas. A verifica\u00e7\u00e3o das restri\u00e7\u00f5es locais \u00e9, por isso, um passo cr\u00edtico no planeamento do seu neg\u00f3cio imobili\u00e1rio.<\/p>\n<h2>Checklist para propriet\u00e1rios: O que verificar antes de arrendar<\/h2>\n<p>Para garantir que o seu processo de arrendamento decorre sem sobressaltos, prepar\u00e1mos uma lista de verifica\u00e7\u00f5es essenciais:<\/p>\n<ul>\n<li><strong>Tipo de licen\u00e7a:<\/strong> Verifique se a licen\u00e7a de utiliza\u00e7\u00e3o \u00e9 adequada ao fim pretendido (habita\u00e7\u00e3o vs. servi\u00e7os).<\/li>\n<li><strong>Uso pretendido:<\/strong> Defina claramente se o uso ser\u00e1 residencial de longa dura\u00e7\u00e3o ou tur\u00edstico.<\/li>\n<li><strong>Registo de AL:<\/strong> Se optar pelo turismo, certifique-se de que possui o n\u00famero de registo antes de anunciar.<\/li>\n<li><strong><a href=\"https:\/\/www.rentila.pt\/blog\/seguro-de-protecao-de-rendas-vale-a-pena-para-os-proprietarios\/\" target=\"_blank\" rel=\"noopener\">Seguros<\/a> obrigat\u00f3rios:<\/strong> No caso do AL, existe a obriga\u00e7\u00e3o de ter um seguro de responsabilidade civil extracontratual. Pode consultar as nossas dicas sobre seguro multirriscos para entender melhor as coberturas necess\u00e1rias.<\/li>\n<li><strong>Restri\u00e7\u00f5es de condom\u00ednio:<\/strong> Em alguns casos, o t\u00edtulo de constitui\u00e7\u00e3o da propriedade horizontal ou a assembleia de cond\u00f3minos podem ter uma palavra a dizer sobre a explora\u00e7\u00e3o de AL no edif\u00edcio.<\/li>\n<\/ul>\n<p>Manter uma organiza\u00e7\u00e3o rigorosa da documenta\u00e7\u00e3o n\u00e3o s\u00f3 facilita a conformidade legal como aumenta a confian\u00e7a dos potenciais inquilinos, algo fundamental para assegurar a <a href=\"https:\/\/www.rentila.pt\/blog\/manutencao-de-um-imovel-para-arrendar\/\" target=\"_blank\" rel=\"noopener\">manuten\u00e7\u00e3o do im\u00f3vel<\/a> e uma rela\u00e7\u00e3o contratual saud\u00e1vel a longo prazo.<\/p>\n<h2>FAQs<\/h2>\n<h3>\u00c9 poss\u00edvel arrendar um im\u00f3vel sem licen\u00e7a de utiliza\u00e7\u00e3o?<\/h3>\n<p>N\u00e3o \u00e9 legalmente poss\u00edvel celebrar um contrato de arrendamento habitacional sem este documento, a menos que o im\u00f3vel seja anterior a 1951 e possua certid\u00e3o de isen\u00e7\u00e3o. A licen\u00e7a de utiliza\u00e7\u00e3o \u00e9 obrigat\u00f3ria para registar o contrato na Autoridade Tribut\u00e1ria e para garantir que o im\u00f3vel cumpre as normas de seguran\u00e7a e habitabilidade exigidas por lei em Portugal.<\/p>\n<h3>O que acontece se eu registar um AL numa zona de conten\u00e7\u00e3o?<\/h3>\n<p>Se submeter uma comunica\u00e7\u00e3o pr\u00e9via para um im\u00f3vel numa zona de conten\u00e7\u00e3o onde os novos registos est\u00e3o suspensos, a C\u00e2mara Municipal ir\u00e1 opor-se ao registo e o n\u00famero provis\u00f3rio ser\u00e1 cancelado. Operar um Alojamento Local sem um registo v\u00e1lido ou em viola\u00e7\u00e3o das restri\u00e7\u00f5es municipais pode resultar em coimas elevadas e na interdi\u00e7\u00e3o da atividade tur\u00edstica.<\/p>\n<h3>Qual a diferen\u00e7a pr\u00e1tica entre arrendamento tradicional e AL?<\/h3>\n<p>O arrendamento tradicional foca-se na estabilidade residencial e \u00e9 regulado pelo NRAU, exigindo contratos de maior dura\u00e7\u00e3o. O Alojamento Local \u00e9 uma atividade de presta\u00e7\u00e3o de servi\u00e7os tur\u00edsticos, requer registo no Balc\u00e3o \u00danico, tem obriga\u00e7\u00f5es fiscais espec\u00edficas (IVA em certos casos) e normas de seguran\u00e7a mais apertadas, como a afixa\u00e7\u00e3o de sinal\u00e9tica de emerg\u00eancia e extintores.<\/p>\n<h3>Como posso obter a licen\u00e7a de utiliza\u00e7\u00e3o do meu im\u00f3vel?<\/h3>\n<p>Se n\u00e3o possui a c\u00f3pia do documento, deve requer\u00ea-la junto dos servi\u00e7os de urbanismo da C\u00e2mara Municipal onde o im\u00f3vel est\u00e1 registado. Caso o im\u00f3vel tenha sofrido obras de altera\u00e7\u00e3o profundas, poder\u00e1 ser necess\u00e1ria uma nova inspe\u00e7\u00e3o t\u00e9cnica para validar se a licen\u00e7a de utiliza\u00e7\u00e3o atualizada reflete a realidade da fra\u00e7\u00e3o e se est\u00e1 em conformidade com o projeto aprovado.<\/p>\n<h2>Resumo dos pontos principais<\/h2>\n<ul>\n<li>A licen\u00e7a de utiliza\u00e7\u00e3o \u00e9 o documento mestre que valida a legalidade de qualquer arrendamento em Portugal.<\/li>\n<li>O arrendamento de longa dura\u00e7\u00e3o exige sempre um contrato escrito e a prova de licenciamento habitacional.<\/li>\n<li>O Alojamento Local requer uma comunica\u00e7\u00e3o pr\u00e9via obrigat\u00f3ria e a obten\u00e7\u00e3o de um n\u00famero de registo oficial.<\/li>\n<li>As zonas de conten\u00e7\u00e3o podem impedir a abertura de novos AL em bairros hist\u00f3ricos ou com excesso de oferta tur\u00edstica.<\/li>\n<li>Os propriet\u00e1rios devem verificar seguros, regras de condom\u00ednio e restri\u00e7\u00f5es locais antes de iniciar a atividade.<\/li>\n<li>Arrendamento residencial e Alojamento Local regem-se por leis diferentes, com obriga\u00e7\u00f5es fiscais e jur\u00eddicas distintas.<\/li>\n<\/ul>\n","protected":false},"excerpt":{"rendered":"<p>Muitos propriet\u00e1rios em Portugal questionam-se sobre a viabilidade de colocar o seu im\u00f3vel no mercado de arrendamento, seja para habita\u00e7\u00e3o permanente ou para fins tur\u00edsticos. No entanto, a resposta a esta quest\u00e3o n\u00e3o depende apenas da vontade do dono, mas sim do cumprimento estrito de normas legais. Para que possa arrendar legalmente o seu im\u00f3vel, [&hellip;]<\/p>\n","protected":false},"author":9,"featured_media":0,"comment_status":"closed","ping_status":"closed","sticky":false,"template":"","format":"standard","meta":{"footnotes":""},"categories":[4,1],"tags":[],"class_list":["post-8971","post","type-post","status-publish","format-standard","hentry","category-legal","category-rentila"],"yoast_head":"<!-- This site is optimized with the Yoast SEO plugin v27.3 - https:\/\/yoast.com\/product\/yoast-seo-wordpress\/ -->\n<title>Arrendar im\u00f3vel legalmente: Licen\u00e7a de utiliza\u00e7\u00e3o e AL - Blog de gest\u00e3o de im\u00f3veis para propriet\u00e1rios<\/title>\n<meta name=\"description\" content=\"Saiba como a licen\u00e7a de utiliza\u00e7\u00e3o garante a legalidade do seu arrendamento ou Alojamento Local. Evite multas e proteja o seu investimento.\" \/>\n<meta name=\"robots\" content=\"index, follow, max-snippet:-1, max-image-preview:large, max-video-preview:-1\" \/>\n<link rel=\"canonical\" href=\"https:\/\/www.rentila.pt\/blog\/licenca-utilizacao-e-alojamento-local\/\" \/>\n<meta property=\"og:locale\" content=\"pt_PT\" \/>\n<meta property=\"og:type\" content=\"article\" \/>\n<meta property=\"og:title\" content=\"Arrendar im\u00f3vel legalmente: Licen\u00e7a de utiliza\u00e7\u00e3o e AL - Blog de gest\u00e3o de im\u00f3veis para propriet\u00e1rios\" \/>\n<meta property=\"og:description\" content=\"Saiba como a licen\u00e7a de utiliza\u00e7\u00e3o garante a legalidade do seu arrendamento ou Alojamento Local. Evite multas e proteja o seu investimento.\" \/>\n<meta property=\"og:url\" content=\"https:\/\/www.rentila.pt\/blog\/licenca-utilizacao-e-alojamento-local\/\" \/>\n<meta property=\"og:site_name\" content=\"Blog de gest\u00e3o de im\u00f3veis para propriet\u00e1rios\" \/>\n<meta property=\"article:publisher\" content=\"https:\/\/www.facebook.com\/Rentila-Espa%c3%b1a-234200993854422\/\" \/>\n<meta property=\"article:published_time\" content=\"2026-03-11T20:18:50+00:00\" \/>\n<meta name=\"author\" content=\"Danny\" \/>\n<meta name=\"twitter:card\" content=\"summary_large_image\" \/>\n<meta name=\"twitter:label1\" content=\"Escrito por\" \/>\n\t<meta name=\"twitter:data1\" content=\"Danny\" \/>\n\t<meta name=\"twitter:label2\" content=\"Tempo estimado de leitura\" \/>\n\t<meta name=\"twitter:data2\" content=\"8 minutos\" \/>\n<script type=\"application\/ld+json\" class=\"yoast-schema-graph\">{\"@context\":\"https:\\\/\\\/schema.org\",\"@graph\":[{\"@type\":\"Article\",\"@id\":\"https:\\\/\\\/www.rentila.pt\\\/blog\\\/licenca-utilizacao-e-alojamento-local\\\/#article\",\"isPartOf\":{\"@id\":\"https:\\\/\\\/www.rentila.pt\\\/blog\\\/licenca-utilizacao-e-alojamento-local\\\/\"},\"author\":{\"name\":\"Danny\",\"@id\":\"https:\\\/\\\/www.rentila.pt\\\/blog\\\/#\\\/schema\\\/person\\\/48d5da9c214644e3d6d363055bfba1d1\"},\"headline\":\"Arrendar im\u00f3vel legalmente: Licen\u00e7a de utiliza\u00e7\u00e3o e AL\",\"datePublished\":\"2026-03-11T20:18:50+00:00\",\"mainEntityOfPage\":{\"@id\":\"https:\\\/\\\/www.rentila.pt\\\/blog\\\/licenca-utilizacao-e-alojamento-local\\\/\"},\"wordCount\":1522,\"image\":{\"@id\":\"https:\\\/\\\/www.rentila.pt\\\/blog\\\/licenca-utilizacao-e-alojamento-local\\\/#primaryimage\"},\"thumbnailUrl\":\"https:\\\/\\\/www.rentila.pt\\\/assets\\\/img\\\/blog\\\/blog_advice_4.png\",\"articleSection\":[\"Legal\",\"Rentila\"],\"inLanguage\":\"pt-PT\"},{\"@type\":\"WebPage\",\"@id\":\"https:\\\/\\\/www.rentila.pt\\\/blog\\\/licenca-utilizacao-e-alojamento-local\\\/\",\"url\":\"https:\\\/\\\/www.rentila.pt\\\/blog\\\/licenca-utilizacao-e-alojamento-local\\\/\",\"name\":\"Arrendar im\u00f3vel legalmente: Licen\u00e7a de utiliza\u00e7\u00e3o e AL - Blog de gest\u00e3o de im\u00f3veis para propriet\u00e1rios\",\"isPartOf\":{\"@id\":\"https:\\\/\\\/www.rentila.pt\\\/blog\\\/#website\"},\"primaryImageOfPage\":{\"@id\":\"https:\\\/\\\/www.rentila.pt\\\/blog\\\/licenca-utilizacao-e-alojamento-local\\\/#primaryimage\"},\"image\":{\"@id\":\"https:\\\/\\\/www.rentila.pt\\\/blog\\\/licenca-utilizacao-e-alojamento-local\\\/#primaryimage\"},\"thumbnailUrl\":\"https:\\\/\\\/www.rentila.pt\\\/assets\\\/img\\\/blog\\\/blog_advice_4.png\",\"datePublished\":\"2026-03-11T20:18:50+00:00\",\"author\":{\"@id\":\"https:\\\/\\\/www.rentila.pt\\\/blog\\\/#\\\/schema\\\/person\\\/48d5da9c214644e3d6d363055bfba1d1\"},\"description\":\"Saiba como a licen\u00e7a de utiliza\u00e7\u00e3o garante a legalidade do seu arrendamento ou Alojamento Local. Evite multas e proteja o seu investimento.\",\"breadcrumb\":{\"@id\":\"https:\\\/\\\/www.rentila.pt\\\/blog\\\/licenca-utilizacao-e-alojamento-local\\\/#breadcrumb\"},\"inLanguage\":\"pt-PT\",\"potentialAction\":[{\"@type\":\"ReadAction\",\"target\":[\"https:\\\/\\\/www.rentila.pt\\\/blog\\\/licenca-utilizacao-e-alojamento-local\\\/\"]}]},{\"@type\":\"ImageObject\",\"inLanguage\":\"pt-PT\",\"@id\":\"https:\\\/\\\/www.rentila.pt\\\/blog\\\/licenca-utilizacao-e-alojamento-local\\\/#primaryimage\",\"url\":\"https:\\\/\\\/www.rentila.pt\\\/assets\\\/img\\\/blog\\\/blog_advice_4.png\",\"contentUrl\":\"https:\\\/\\\/www.rentila.pt\\\/assets\\\/img\\\/blog\\\/blog_advice_4.png\"},{\"@type\":\"BreadcrumbList\",\"@id\":\"https:\\\/\\\/www.rentila.pt\\\/blog\\\/licenca-utilizacao-e-alojamento-local\\\/#breadcrumb\",\"itemListElement\":[{\"@type\":\"ListItem\",\"position\":1,\"name\":\"Home\",\"item\":\"https:\\\/\\\/www.rentila.pt\\\/blog\\\/\"},{\"@type\":\"ListItem\",\"position\":2,\"name\":\"Arrendar im\u00f3vel legalmente: Licen\u00e7a de utiliza\u00e7\u00e3o e AL\"}]},{\"@type\":\"WebSite\",\"@id\":\"https:\\\/\\\/www.rentila.pt\\\/blog\\\/#website\",\"url\":\"https:\\\/\\\/www.rentila.pt\\\/blog\\\/\",\"name\":\"Blog de gest\u00e3o de im\u00f3veis para propriet\u00e1rios\",\"description\":\"Conselhos pr\u00e1ticos, not\u00edcias imobili\u00e1rias\",\"potentialAction\":[{\"@type\":\"SearchAction\",\"target\":{\"@type\":\"EntryPoint\",\"urlTemplate\":\"https:\\\/\\\/www.rentila.pt\\\/blog\\\/?s={search_term_string}\"},\"query-input\":{\"@type\":\"PropertyValueSpecification\",\"valueRequired\":true,\"valueName\":\"search_term_string\"}}],\"inLanguage\":\"pt-PT\"},{\"@type\":\"Person\",\"@id\":\"https:\\\/\\\/www.rentila.pt\\\/blog\\\/#\\\/schema\\\/person\\\/48d5da9c214644e3d6d363055bfba1d1\",\"name\":\"Danny\",\"image\":{\"@type\":\"ImageObject\",\"inLanguage\":\"pt-PT\",\"@id\":\"https:\\\/\\\/secure.gravatar.com\\\/avatar\\\/3d496276db631e926ee6e2e7ab28ae68290737c3d6a5f15165a98eb201b63568?s=96&d=mm&r=g\",\"url\":\"https:\\\/\\\/secure.gravatar.com\\\/avatar\\\/3d496276db631e926ee6e2e7ab28ae68290737c3d6a5f15165a98eb201b63568?s=96&d=mm&r=g\",\"contentUrl\":\"https:\\\/\\\/secure.gravatar.com\\\/avatar\\\/3d496276db631e926ee6e2e7ab28ae68290737c3d6a5f15165a98eb201b63568?s=96&d=mm&r=g\",\"caption\":\"Danny\"},\"url\":\"https:\\\/\\\/www.rentila.pt\\\/blog\\\/author\\\/danny\\\/\"}]}<\/script>\n<!-- \/ Yoast SEO plugin. -->","yoast_head_json":{"title":"Arrendar im\u00f3vel legalmente: Licen\u00e7a de utiliza\u00e7\u00e3o e AL - Blog de gest\u00e3o de im\u00f3veis para propriet\u00e1rios","description":"Saiba como a licen\u00e7a de utiliza\u00e7\u00e3o garante a legalidade do seu arrendamento ou Alojamento Local. Evite multas e proteja o seu investimento.","robots":{"index":"index","follow":"follow","max-snippet":"max-snippet:-1","max-image-preview":"max-image-preview:large","max-video-preview":"max-video-preview:-1"},"canonical":"https:\/\/www.rentila.pt\/blog\/licenca-utilizacao-e-alojamento-local\/","og_locale":"pt_PT","og_type":"article","og_title":"Arrendar im\u00f3vel legalmente: Licen\u00e7a de utiliza\u00e7\u00e3o e AL - Blog de gest\u00e3o de im\u00f3veis para propriet\u00e1rios","og_description":"Saiba como a licen\u00e7a de utiliza\u00e7\u00e3o garante a legalidade do seu arrendamento ou Alojamento Local. Evite multas e proteja o seu investimento.","og_url":"https:\/\/www.rentila.pt\/blog\/licenca-utilizacao-e-alojamento-local\/","og_site_name":"Blog de gest\u00e3o de im\u00f3veis para propriet\u00e1rios","article_publisher":"https:\/\/www.facebook.com\/Rentila-Espa%c3%b1a-234200993854422\/","article_published_time":"2026-03-11T20:18:50+00:00","author":"Danny","twitter_card":"summary_large_image","twitter_misc":{"Escrito por":"Danny","Tempo estimado de leitura":"8 minutos"},"schema":{"@context":"https:\/\/schema.org","@graph":[{"@type":"Article","@id":"https:\/\/www.rentila.pt\/blog\/licenca-utilizacao-e-alojamento-local\/#article","isPartOf":{"@id":"https:\/\/www.rentila.pt\/blog\/licenca-utilizacao-e-alojamento-local\/"},"author":{"name":"Danny","@id":"https:\/\/www.rentila.pt\/blog\/#\/schema\/person\/48d5da9c214644e3d6d363055bfba1d1"},"headline":"Arrendar im\u00f3vel legalmente: Licen\u00e7a de utiliza\u00e7\u00e3o e AL","datePublished":"2026-03-11T20:18:50+00:00","mainEntityOfPage":{"@id":"https:\/\/www.rentila.pt\/blog\/licenca-utilizacao-e-alojamento-local\/"},"wordCount":1522,"image":{"@id":"https:\/\/www.rentila.pt\/blog\/licenca-utilizacao-e-alojamento-local\/#primaryimage"},"thumbnailUrl":"https:\/\/www.rentila.pt\/assets\/img\/blog\/blog_advice_4.png","articleSection":["Legal","Rentila"],"inLanguage":"pt-PT"},{"@type":"WebPage","@id":"https:\/\/www.rentila.pt\/blog\/licenca-utilizacao-e-alojamento-local\/","url":"https:\/\/www.rentila.pt\/blog\/licenca-utilizacao-e-alojamento-local\/","name":"Arrendar im\u00f3vel legalmente: Licen\u00e7a de utiliza\u00e7\u00e3o e AL - Blog de gest\u00e3o de im\u00f3veis para propriet\u00e1rios","isPartOf":{"@id":"https:\/\/www.rentila.pt\/blog\/#website"},"primaryImageOfPage":{"@id":"https:\/\/www.rentila.pt\/blog\/licenca-utilizacao-e-alojamento-local\/#primaryimage"},"image":{"@id":"https:\/\/www.rentila.pt\/blog\/licenca-utilizacao-e-alojamento-local\/#primaryimage"},"thumbnailUrl":"https:\/\/www.rentila.pt\/assets\/img\/blog\/blog_advice_4.png","datePublished":"2026-03-11T20:18:50+00:00","author":{"@id":"https:\/\/www.rentila.pt\/blog\/#\/schema\/person\/48d5da9c214644e3d6d363055bfba1d1"},"description":"Saiba como a licen\u00e7a de utiliza\u00e7\u00e3o garante a legalidade do seu arrendamento ou Alojamento Local. Evite multas e proteja o seu investimento.","breadcrumb":{"@id":"https:\/\/www.rentila.pt\/blog\/licenca-utilizacao-e-alojamento-local\/#breadcrumb"},"inLanguage":"pt-PT","potentialAction":[{"@type":"ReadAction","target":["https:\/\/www.rentila.pt\/blog\/licenca-utilizacao-e-alojamento-local\/"]}]},{"@type":"ImageObject","inLanguage":"pt-PT","@id":"https:\/\/www.rentila.pt\/blog\/licenca-utilizacao-e-alojamento-local\/#primaryimage","url":"https:\/\/www.rentila.pt\/assets\/img\/blog\/blog_advice_4.png","contentUrl":"https:\/\/www.rentila.pt\/assets\/img\/blog\/blog_advice_4.png"},{"@type":"BreadcrumbList","@id":"https:\/\/www.rentila.pt\/blog\/licenca-utilizacao-e-alojamento-local\/#breadcrumb","itemListElement":[{"@type":"ListItem","position":1,"name":"Home","item":"https:\/\/www.rentila.pt\/blog\/"},{"@type":"ListItem","position":2,"name":"Arrendar im\u00f3vel legalmente: Licen\u00e7a de utiliza\u00e7\u00e3o e AL"}]},{"@type":"WebSite","@id":"https:\/\/www.rentila.pt\/blog\/#website","url":"https:\/\/www.rentila.pt\/blog\/","name":"Blog de gest\u00e3o de im\u00f3veis para propriet\u00e1rios","description":"Conselhos pr\u00e1ticos, not\u00edcias imobili\u00e1rias","potentialAction":[{"@type":"SearchAction","target":{"@type":"EntryPoint","urlTemplate":"https:\/\/www.rentila.pt\/blog\/?s={search_term_string}"},"query-input":{"@type":"PropertyValueSpecification","valueRequired":true,"valueName":"search_term_string"}}],"inLanguage":"pt-PT"},{"@type":"Person","@id":"https:\/\/www.rentila.pt\/blog\/#\/schema\/person\/48d5da9c214644e3d6d363055bfba1d1","name":"Danny","image":{"@type":"ImageObject","inLanguage":"pt-PT","@id":"https:\/\/secure.gravatar.com\/avatar\/3d496276db631e926ee6e2e7ab28ae68290737c3d6a5f15165a98eb201b63568?s=96&d=mm&r=g","url":"https:\/\/secure.gravatar.com\/avatar\/3d496276db631e926ee6e2e7ab28ae68290737c3d6a5f15165a98eb201b63568?s=96&d=mm&r=g","contentUrl":"https:\/\/secure.gravatar.com\/avatar\/3d496276db631e926ee6e2e7ab28ae68290737c3d6a5f15165a98eb201b63568?s=96&d=mm&r=g","caption":"Danny"},"url":"https:\/\/www.rentila.pt\/blog\/author\/danny\/"}]}},"_links":{"self":[{"href":"https:\/\/www.rentila.pt\/blog\/wp-json\/wp\/v2\/posts\/8971","targetHints":{"allow":["GET"]}}],"collection":[{"href":"https:\/\/www.rentila.pt\/blog\/wp-json\/wp\/v2\/posts"}],"about":[{"href":"https:\/\/www.rentila.pt\/blog\/wp-json\/wp\/v2\/types\/post"}],"author":[{"embeddable":true,"href":"https:\/\/www.rentila.pt\/blog\/wp-json\/wp\/v2\/users\/9"}],"replies":[{"embeddable":true,"href":"https:\/\/www.rentila.pt\/blog\/wp-json\/wp\/v2\/comments?post=8971"}],"version-history":[{"count":6,"href":"https:\/\/www.rentila.pt\/blog\/wp-json\/wp\/v2\/posts\/8971\/revisions"}],"predecessor-version":[{"id":8989,"href":"https:\/\/www.rentila.pt\/blog\/wp-json\/wp\/v2\/posts\/8971\/revisions\/8989"}],"wp:attachment":[{"href":"https:\/\/www.rentila.pt\/blog\/wp-json\/wp\/v2\/media?parent=8971"}],"wp:term":[{"taxonomy":"category","embeddable":true,"href":"https:\/\/www.rentila.pt\/blog\/wp-json\/wp\/v2\/categories?post=8971"},{"taxonomy":"post_tag","embeddable":true,"href":"https:\/\/www.rentila.pt\/blog\/wp-json\/wp\/v2\/tags?post=8971"}],"curies":[{"name":"wp","href":"https:\/\/api.w.org\/{rel}","templated":true}]}}