{"id":8911,"date":"2026-01-26T17:00:07","date_gmt":"2026-01-26T17:00:07","guid":{"rendered":"https:\/\/www.rentila.pt\/blog\/?p=8911"},"modified":"2026-01-26T17:00:08","modified_gmt":"2026-01-26T17:00:08","slug":"janeiro-de-2026-noticias-do-mercado-imobiliario","status":"publish","type":"post","link":"https:\/\/www.rentila.pt\/blog\/janeiro-de-2026-noticias-do-mercado-imobiliario\/","title":{"rendered":"Janeiro de 2026: Not\u00edcias do mercado imobili\u00e1rio"},"content":{"rendered":"<p><img loading=\"lazy\" decoding=\"async\" class=\"aligncenter wp-image-516 size-full\" title=\"newspaper\" src=\"https:\/\/www.rentila.pt\/assets\/img\/blog\/blog_news_2.png\" alt=\"Janeiro de 2026\" width=\"1600\" height=\"800\" \/><\/p>\n<p class=\"lead\">Todos os meses, a Rentila oferece-lhe uma vis\u00e3o geral da imprensa imobili\u00e1ria. Assim, no programa deste m\u00eas de janeiro de 2026 temos: as medidas do Governo para a habita\u00e7\u00e3o, os pre\u00e7os das casas e outros temas do setor imobili\u00e1rio.<\/p>\n<p><!--more--><\/p>\n<div class=\"phase-content__flag phase-1\">Fiscalidade e Impostos<\/div>\n<h5 class=\"title\">Arrendamentos de curta dura\u00e7\u00e3o: novas taxas em 2026<\/h5>\n<p>Eis as mudan\u00e7as que v\u00e3o pesar nas contas de senhorios e inquilinos em 2026. Em poucas linhas, o essencial para saber como e quando atualizar rendas de curta dura\u00e7\u00e3o. <a href=\"https:\/\/inconveniente.pt\/arrendamentos-de-curta-duracao-novas-taxas-em-2026\">Ler mais \u2192<\/a><\/p>\n<hr \/>\n<div class=\"phase-content__flag phase-1\">Legisla\u00e7\u00e3o<\/div>\n<p><!--section--><\/p>\n<h5 class=\"entry-title\">Pacote de habita\u00e7\u00e3o. Imobili\u00e1rio pede rapidez na aprova\u00e7\u00e3o do diploma para tornar descida do IVA uma realidade<\/h5>\n<p>Depois do Parlamento ter aprovado as propostas do Governo, Manuel Maria Gon\u00e7alves, CEO da Associa\u00e7\u00e3o Portuguesa dos Promotores e Investidores Imobili\u00e1rios quer que o diploma avance \u201ccom regras claras, simples e sem ambiguidades\u201d. Por sua vez, Patr\u00edcia Bar\u00e3o, presidente da Associa\u00e7\u00e3o dos Profissionais e Empresas de Media\u00e7\u00e3o Imobili\u00e1ria de Portugal acredita que este pacote fiscal \u201cvai incentivar a promo\u00e7\u00e3o imobili\u00e1ria \u00e0 constru\u00e7\u00e3o para a venda e arrendamento a valores moderados\u201d.<a href=\"https:\/\/jornaleconomico.sapo.pt\/noticias\/pacote-de-habitacao-imobiliario-pede-rapidez-na-aprovacao-do-diploma-para-tornar-descida-do-iva-uma-realidade\/\" target=\"_blank\" rel=\"noopener\">Ler mais \u2192<\/a><\/p>\n<hr \/>\n<h5 class=\"uk-h1 post-title uk-margin uk-text-left\">Pacote de medidas para habita\u00e7\u00e3o j\u00e1 foi aprovado: O que muda em 4 pontos<\/h5>\n<p>O novo pacote de medidas do Governo destinado a travar a crise habitacional foi aprovado no Parlamento, numa altura em que os pre\u00e7os das casas crescem ininterruptamente h\u00e1 seis trimestres consecutivos, de acordo com o INE.\u00a0<a href=\"https:\/\/www.noticiasaominuto.com\/economia\/2917514\/pacote-de-medidas-para-habitacao-ja-foi-aprovado-o-que-muda-em-4-pontos\">Ler mais \u2192<\/a><\/p>\n<hr \/>\n<h5 class=\"uk-h1 post-title uk-margin uk-text-left\">Arrendamento. Senhorio pode dar prefer\u00eancia a inquilino portugu\u00eas?<\/h5>\n<p>Segundo a DECO PROteste, o &#8220;direito \u00e0 habita\u00e7\u00e3o est\u00e1 consagrado na Constitui\u00e7\u00e3o Portuguesa&#8221; e a &#8220;lei do arrendamento define que nenhum inquilino pode ser discriminado no acesso ao arrendamento&#8221; por este motivo. <a href=\"https:\/\/www.noticiasaominuto.com\/economia\/2920502\/arrendamento-senhorio-pode-dar-preferencia-a-inquilino-portugues\">Ler mais \u2192<\/a><\/p>\n<hr \/>\n<div class=\"phase-content__flag phase-1\">Mercado Imobili\u00e1rio<\/div>\n<p><!--section--><\/p>\n<h5 class=\"page-title\">Ano de 2026 arranca com pre\u00e7os &#8220;incomport\u00e1veis&#8221; na habita\u00e7\u00e3o<\/h5>\n<p>Entre os operadores do mercado imobili\u00e1rio, h\u00e1 quem pe\u00e7a consci\u00eancia pol\u00edtica para a gravidade do problema e mais medidas efetivas que contribuam para a sua resolu\u00e7\u00e3o, enquanto outros aguardam com expectativa por uma interven\u00e7\u00e3o da UE. H\u00e1, por outro lado, quem veja os primeiros sinais do impacto do pacote de medidas aprovadas pelo Governo &#8211; ainda que sem controlo -, no que diz respeito ao mercado informal de arrendamento versus o alojamento local. <a href=\"https:\/\/www.tsf.pt\/economia\/artigo\/ano-de-2026-arranca-com-precos-incomportaveis-na-habitacao\/18036189\" target=\"_blank\" rel=\"noopener\">Ler mais \u2192<\/a><\/p>\n<hr \/>\n<h5>Arrendamento abranda: rendas sobem apenas 0,9% em 2025<\/h5>\n<p>O mercado de arrendamento em Portugal registou um crescimento moderado em 2025, com as rendas a subirem 0,9% em Dezembro, face ao mesmo m\u00eas do ano anterior. De acordo com o \u00edndice de pre\u00e7os do idealista, o valor mediano para arrendar casa fixou-se nos 16,4 euros por metro quadrado no final do ano, confirmando um abrandamento face a per\u00edodos anteriores.\u00a0<a href=\"https:\/\/diarioimobiliario.pt\/Arrendamento-abranda-rendas-sobem-apenas-0-9-em-2025\" target=\"_blank\" rel=\"noopener\">Ler mais \u2192<\/a><\/p>\n<hr \/>\n<h5>Investimento imobili\u00e1rio comercial sobre 22% em 2025 para 2,8 mil milh\u00f5es<\/h5>\n<p>Em comunicado, a consultora CBRE antecipa \u201cum cen\u00e1rio otimista\u201d para 2026, com \u201cv\u00e1rias transa\u00e7\u00f5es significativas em curso em todos os setores, algumas j\u00e1 em fases avan\u00e7adas de \u2018due diligence\u2019&#8221;. <a href=\"https:\/\/dinheirovivo.dn.pt\/economia\/investimento-imobilirio-comercial-sobe-22-em-2025-para-28-mil-milhes\" target=\"_blank\" rel=\"noopener\">Ler mais \u2192<\/a><\/p>\n<hr \/>\n<h5>Pre\u00e7o das casas subiu quatro vezes mais do que sal\u00e1rios em 10 anos<\/h5>\n<p>Custo da habita\u00e7\u00e3o continua a acelerar e a distanciar-se da realidade financeira dos portugueses, apesar de medidas governamentais para mitigar o problema. Governo viu aprovadas mais duas propostas. <a href=\"https:\/\/dinheirovivo.dn.pt\/economia\/preo-das-casas-subiu-quatro-vezes-mais-do-que-salrios-em-10-anos\" target=\"_blank\" rel=\"noopener\">Ler mais \u2192<\/a><\/p>\n<hr \/>\n<h5>Rendas das casas subiram 5,3% em 2025<\/h5>\n<p>As rendas das casas por metro quadrado aumentaram 4,9% em dezembro de 2025 face ao mesmo m\u00eas de 2024 e registaram uma varia\u00e7\u00e3o m\u00e9dia anual de 5,3% no conjunto do ano passado, divulgou hoje o INE.\u00a0<a href=\"https:\/\/www.rtp.pt\/noticias\/economia\/rendas-das-casas-subiram-53-em-2025_n1709845\" target=\"_blank\" rel=\"noopener\">Ler mais \u2192<\/a><\/p>\n<hr \/>\n<h5>Apesar do aumento das rendas, procura cresceu 5% no quarto trimestre de 2025<\/h5>\n<p>Subida de 0,9% nas rendas acompanha o crescimento da procura de casa para arrendar, o que mant\u00e9m o acesso \u00e0 habita\u00e7\u00e3o fora do alcance de uma parte significativa da popula\u00e7\u00e3o, salienta o idealista.\u00a0<a href=\"https:\/\/dinheirovivo.dn.pt\/imobiliario\/apesar-do-aumento-das-rendas-procura-cresceu-5-no-quarto-trimestre-de-2025\" target=\"_blank\" rel=\"noopener\">Ler mais \u2192<\/a><\/p>\n<hr \/>\n<h5>Rendas novas estabilizam em Lisboa e descem 1,6% no Porto<\/h5>\n<p>Confidencial Imobili\u00e1rio divulga os resultados de 2025 do \u00cdndice de Rendas Residenciais para as duas principais cidades do pa\u00eds. Em Lisboa, a estabiliza\u00e7\u00e3o registada no conjunto do ano resulta de uma\u202frecupera\u00e7\u00e3o gradual das rendas, enquanto no Porto o resultado anual de 2025 reflecte um mercado onde as rendas apresentaram\u202fquedas trimestrais consecutivas desde o final de 2024.\u00a0<a href=\"https:\/\/www.construir.pt\/2026\/01\/22\/rendas-novas-estabilizam-em-lisboa-e-descem-16-no-porto\">Ler mais \u2192<\/a><\/p>\n<hr \/>\n<h5>Mediadora de luxo americana v\u00ea Portugal como \u201cpa\u00eds que tem muito para oferecer\u201d<\/h5>\n<p>Pamela Liebman, CEO da Corcoran, diz que h\u00e1 cada vez mais americanos a comprar casa em Portugal, embora nem todos \u201cfujam\u201d dos EUA pelas pol\u00edticas de Donald Trump. <a href=\"https:\/\/jornaleconomico.sapo.pt\/noticias\/mediadora-de-luxo-americana-ve-portugal-como-pais-que-tem-muito-para-oferecer\/\">Ler mais \u2192<\/a><\/p>\n<hr \/>\n<h5>Comprar casa em Portugal exige, em m\u00e9dia, quase 30 anos de rendas<\/h5>\n<p>Quem pensa em comprar casa em Portugal, tem de se preparar para um esfor\u00e7o financeiro mais prolongado, em m\u00e9dia, 28,5 anos de rendas, indica o Imovirtual. <a href=\"https:\/\/www.diarioimobiliario.pt\/Comprar-casa-em-Portugal-exige-em-media-quase-30-anos-de-rendas\">Ler mais \u2192<\/a><\/p>\n<hr \/>\n<div class=\"phase-content__flag phase-1\">Diversos<\/div>\n<p><!--section--><\/p>\n<h5 class=\"page-title\">2026: infla\u00e7\u00e3o abranda, mas custo de vida continua a subir e aperta fam\u00edlias, empresas e com\u00e9rcio<\/h5>\n<p>Apesar das previs\u00f5es apontarem para um recuo da infla\u00e7\u00e3o para 2,1% e para um novo al\u00edvio no IRS, o ano de 2026 dever\u00e1 ser vivido, no terreno, como um per\u00edodo de press\u00e3o cont\u00ednua sobre or\u00e7amentos familiares e estruturas empresariais. Longe de um choque \u00fanico, o pr\u00f3ximo ano ser\u00e1 marcado por aumentos distribu\u00eddos por m\u00faltiplas \u00e1reas. <a href=\"https:\/\/sapo.pt\/artigo\/2026-inflacao-abranda-mas-custo-de-vida-continua-a-subir-e-aperta-familias-empresas-e-comercio-694fa74f52dc24aee9b50cf9\" target=\"_blank\" rel=\"noopener\">Ler mais \u2192<\/a><\/p>\n<hr \/>\n<h5>Taxa Euribor sobe a tr\u00eas meses e desce a seis e 12 meses<\/h5>\n<p>A taxa Euribor subiu hoje a tr\u00eas meses e desceu a seis e a 12 meses. A taxa a tr\u00eas meses subiu para 2,026%, contra os 2,016% de ter\u00e7a-feira, e permaneceu abaixo das taxas a seis (2,107%) e a 12 meses (2,243%). <a href=\"https:\/\/www.diarioimobiliario.pt\/Euribor-2025-12-31T00-00-00-0000\">Ler mais \u2192<\/a><\/p>\n","protected":false},"excerpt":{"rendered":"<p>Todos os meses, a Rentila oferece-lhe uma vis\u00e3o geral da imprensa imobili\u00e1ria. Assim, no programa deste m\u00eas de janeiro de 2026 temos: as medidas do Governo para a habita\u00e7\u00e3o, os pre\u00e7os das casas e outros temas do setor imobili\u00e1rio.<\/p>\n","protected":false},"author":9,"featured_media":0,"comment_status":"closed","ping_status":"closed","sticky":false,"template":"","format":"standard","meta":{"footnotes":""},"categories":[59,1],"tags":[],"class_list":["post-8911","post","type-post","status-publish","format-standard","hentry","category-news","category-rentila"],"yoast_head":"<!-- This site is optimized with the Yoast SEO plugin v27.4 - https:\/\/yoast.com\/product\/yoast-seo-wordpress\/ -->\n<title>Janeiro de 2026: Not\u00edcias do mercado imobili\u00e1rio - Blog de gest\u00e3o de im\u00f3veis para propriet\u00e1rios<\/title>\n<meta name=\"description\" content=\"Todos os meses, a Rentila oferece-lhe uma vis\u00e3o geral da imprensa imobili\u00e1ria.\" \/>\n<meta name=\"robots\" content=\"index, follow, max-snippet:-1, max-image-preview:large, max-video-preview:-1\" \/>\n<link rel=\"canonical\" href=\"https:\/\/www.rentila.pt\/blog\/janeiro-de-2026-noticias-do-mercado-imobiliario\/\" \/>\n<meta property=\"og:locale\" content=\"pt_PT\" \/>\n<meta property=\"og:type\" content=\"article\" \/>\n<meta property=\"og:title\" content=\"Janeiro de 2026: Not\u00edcias do mercado imobili\u00e1rio - Blog de gest\u00e3o de im\u00f3veis para propriet\u00e1rios\" \/>\n<meta property=\"og:description\" content=\"Todos os meses, a Rentila oferece-lhe uma vis\u00e3o geral da imprensa imobili\u00e1ria.\" \/>\n<meta property=\"og:url\" content=\"https:\/\/www.rentila.pt\/blog\/janeiro-de-2026-noticias-do-mercado-imobiliario\/\" \/>\n<meta property=\"og:site_name\" content=\"Blog de gest\u00e3o de im\u00f3veis para propriet\u00e1rios\" \/>\n<meta property=\"article:publisher\" content=\"https:\/\/www.facebook.com\/Rentila-Espa%c3%b1a-234200993854422\/\" \/>\n<meta property=\"article:published_time\" content=\"2026-01-26T17:00:07+00:00\" \/>\n<meta property=\"article:modified_time\" content=\"2026-01-26T17:00:08+00:00\" \/>\n<meta name=\"author\" content=\"Danny\" \/>\n<meta name=\"twitter:card\" content=\"summary_large_image\" \/>\n<meta name=\"twitter:label1\" content=\"Escrito por\" \/>\n\t<meta name=\"twitter:data1\" content=\"Danny\" \/>\n\t<meta name=\"twitter:label2\" content=\"Tempo estimado de leitura\" \/>\n\t<meta name=\"twitter:data2\" content=\"6 minutos\" \/>\n<script type=\"application\/ld+json\" class=\"yoast-schema-graph\">{\"@context\":\"https:\\\/\\\/schema.org\",\"@graph\":[{\"@type\":\"Article\",\"@id\":\"https:\\\/\\\/www.rentila.pt\\\/blog\\\/janeiro-de-2026-noticias-do-mercado-imobiliario\\\/#article\",\"isPartOf\":{\"@id\":\"https:\\\/\\\/www.rentila.pt\\\/blog\\\/janeiro-de-2026-noticias-do-mercado-imobiliario\\\/\"},\"author\":{\"name\":\"Danny\",\"@id\":\"https:\\\/\\\/www.rentila.pt\\\/blog\\\/#\\\/schema\\\/person\\\/48d5da9c214644e3d6d363055bfba1d1\"},\"headline\":\"Janeiro de 2026: Not\u00edcias do mercado imobili\u00e1rio\",\"datePublished\":\"2026-01-26T17:00:07+00:00\",\"dateModified\":\"2026-01-26T17:00:08+00:00\",\"mainEntityOfPage\":{\"@id\":\"https:\\\/\\\/www.rentila.pt\\\/blog\\\/janeiro-de-2026-noticias-do-mercado-imobiliario\\\/\"},\"wordCount\":933,\"image\":{\"@id\":\"https:\\\/\\\/www.rentila.pt\\\/blog\\\/janeiro-de-2026-noticias-do-mercado-imobiliario\\\/#primaryimage\"},\"thumbnailUrl\":\"https:\\\/\\\/www.rentila.pt\\\/assets\\\/img\\\/blog\\\/blog_news_2.png\",\"articleSection\":[\"Not\u00edcias imobili\u00e1rias\",\"Rentila\"],\"inLanguage\":\"pt-PT\"},{\"@type\":\"WebPage\",\"@id\":\"https:\\\/\\\/www.rentila.pt\\\/blog\\\/janeiro-de-2026-noticias-do-mercado-imobiliario\\\/\",\"url\":\"https:\\\/\\\/www.rentila.pt\\\/blog\\\/janeiro-de-2026-noticias-do-mercado-imobiliario\\\/\",\"name\":\"Janeiro de 2026: Not\u00edcias do mercado imobili\u00e1rio - Blog de gest\u00e3o de im\u00f3veis para propriet\u00e1rios\",\"isPartOf\":{\"@id\":\"https:\\\/\\\/www.rentila.pt\\\/blog\\\/#website\"},\"primaryImageOfPage\":{\"@id\":\"https:\\\/\\\/www.rentila.pt\\\/blog\\\/janeiro-de-2026-noticias-do-mercado-imobiliario\\\/#primaryimage\"},\"image\":{\"@id\":\"https:\\\/\\\/www.rentila.pt\\\/blog\\\/janeiro-de-2026-noticias-do-mercado-imobiliario\\\/#primaryimage\"},\"thumbnailUrl\":\"https:\\\/\\\/www.rentila.pt\\\/assets\\\/img\\\/blog\\\/blog_news_2.png\",\"datePublished\":\"2026-01-26T17:00:07+00:00\",\"dateModified\":\"2026-01-26T17:00:08+00:00\",\"author\":{\"@id\":\"https:\\\/\\\/www.rentila.pt\\\/blog\\\/#\\\/schema\\\/person\\\/48d5da9c214644e3d6d363055bfba1d1\"},\"description\":\"Todos os meses, a Rentila oferece-lhe uma vis\u00e3o geral da imprensa imobili\u00e1ria.\",\"breadcrumb\":{\"@id\":\"https:\\\/\\\/www.rentila.pt\\\/blog\\\/janeiro-de-2026-noticias-do-mercado-imobiliario\\\/#breadcrumb\"},\"inLanguage\":\"pt-PT\",\"potentialAction\":[{\"@type\":\"ReadAction\",\"target\":[\"https:\\\/\\\/www.rentila.pt\\\/blog\\\/janeiro-de-2026-noticias-do-mercado-imobiliario\\\/\"]}]},{\"@type\":\"ImageObject\",\"inLanguage\":\"pt-PT\",\"@id\":\"https:\\\/\\\/www.rentila.pt\\\/blog\\\/janeiro-de-2026-noticias-do-mercado-imobiliario\\\/#primaryimage\",\"url\":\"https:\\\/\\\/www.rentila.pt\\\/assets\\\/img\\\/blog\\\/blog_news_2.png\",\"contentUrl\":\"https:\\\/\\\/www.rentila.pt\\\/assets\\\/img\\\/blog\\\/blog_news_2.png\"},{\"@type\":\"BreadcrumbList\",\"@id\":\"https:\\\/\\\/www.rentila.pt\\\/blog\\\/janeiro-de-2026-noticias-do-mercado-imobiliario\\\/#breadcrumb\",\"itemListElement\":[{\"@type\":\"ListItem\",\"position\":1,\"name\":\"Home\",\"item\":\"https:\\\/\\\/www.rentila.pt\\\/blog\\\/\"},{\"@type\":\"ListItem\",\"position\":2,\"name\":\"Janeiro de 2026: Not\u00edcias do mercado imobili\u00e1rio\"}]},{\"@type\":\"WebSite\",\"@id\":\"https:\\\/\\\/www.rentila.pt\\\/blog\\\/#website\",\"url\":\"https:\\\/\\\/www.rentila.pt\\\/blog\\\/\",\"name\":\"Blog de gest\u00e3o de im\u00f3veis para propriet\u00e1rios\",\"description\":\"Conselhos pr\u00e1ticos, not\u00edcias imobili\u00e1rias\",\"potentialAction\":[{\"@type\":\"SearchAction\",\"target\":{\"@type\":\"EntryPoint\",\"urlTemplate\":\"https:\\\/\\\/www.rentila.pt\\\/blog\\\/?s={search_term_string}\"},\"query-input\":{\"@type\":\"PropertyValueSpecification\",\"valueRequired\":true,\"valueName\":\"search_term_string\"}}],\"inLanguage\":\"pt-PT\"},{\"@type\":\"Person\",\"@id\":\"https:\\\/\\\/www.rentila.pt\\\/blog\\\/#\\\/schema\\\/person\\\/48d5da9c214644e3d6d363055bfba1d1\",\"name\":\"Danny\",\"image\":{\"@type\":\"ImageObject\",\"inLanguage\":\"pt-PT\",\"@id\":\"https:\\\/\\\/secure.gravatar.com\\\/avatar\\\/3d496276db631e926ee6e2e7ab28ae68290737c3d6a5f15165a98eb201b63568?s=96&d=mm&r=g\",\"url\":\"https:\\\/\\\/secure.gravatar.com\\\/avatar\\\/3d496276db631e926ee6e2e7ab28ae68290737c3d6a5f15165a98eb201b63568?s=96&d=mm&r=g\",\"contentUrl\":\"https:\\\/\\\/secure.gravatar.com\\\/avatar\\\/3d496276db631e926ee6e2e7ab28ae68290737c3d6a5f15165a98eb201b63568?s=96&d=mm&r=g\",\"caption\":\"Danny\"},\"url\":\"https:\\\/\\\/www.rentila.pt\\\/blog\\\/author\\\/danny\\\/\"}]}<\/script>\n<!-- \/ Yoast SEO plugin. -->","yoast_head_json":{"title":"Janeiro de 2026: Not\u00edcias do mercado imobili\u00e1rio - Blog de gest\u00e3o de im\u00f3veis para propriet\u00e1rios","description":"Todos os meses, a Rentila oferece-lhe uma vis\u00e3o geral da imprensa imobili\u00e1ria.","robots":{"index":"index","follow":"follow","max-snippet":"max-snippet:-1","max-image-preview":"max-image-preview:large","max-video-preview":"max-video-preview:-1"},"canonical":"https:\/\/www.rentila.pt\/blog\/janeiro-de-2026-noticias-do-mercado-imobiliario\/","og_locale":"pt_PT","og_type":"article","og_title":"Janeiro de 2026: Not\u00edcias do mercado imobili\u00e1rio - Blog de gest\u00e3o de im\u00f3veis para propriet\u00e1rios","og_description":"Todos os meses, a Rentila oferece-lhe uma vis\u00e3o geral da imprensa imobili\u00e1ria.","og_url":"https:\/\/www.rentila.pt\/blog\/janeiro-de-2026-noticias-do-mercado-imobiliario\/","og_site_name":"Blog de gest\u00e3o de im\u00f3veis para propriet\u00e1rios","article_publisher":"https:\/\/www.facebook.com\/Rentila-Espa%c3%b1a-234200993854422\/","article_published_time":"2026-01-26T17:00:07+00:00","article_modified_time":"2026-01-26T17:00:08+00:00","author":"Danny","twitter_card":"summary_large_image","twitter_misc":{"Escrito por":"Danny","Tempo estimado de leitura":"6 minutos"},"schema":{"@context":"https:\/\/schema.org","@graph":[{"@type":"Article","@id":"https:\/\/www.rentila.pt\/blog\/janeiro-de-2026-noticias-do-mercado-imobiliario\/#article","isPartOf":{"@id":"https:\/\/www.rentila.pt\/blog\/janeiro-de-2026-noticias-do-mercado-imobiliario\/"},"author":{"name":"Danny","@id":"https:\/\/www.rentila.pt\/blog\/#\/schema\/person\/48d5da9c214644e3d6d363055bfba1d1"},"headline":"Janeiro de 2026: Not\u00edcias do mercado imobili\u00e1rio","datePublished":"2026-01-26T17:00:07+00:00","dateModified":"2026-01-26T17:00:08+00:00","mainEntityOfPage":{"@id":"https:\/\/www.rentila.pt\/blog\/janeiro-de-2026-noticias-do-mercado-imobiliario\/"},"wordCount":933,"image":{"@id":"https:\/\/www.rentila.pt\/blog\/janeiro-de-2026-noticias-do-mercado-imobiliario\/#primaryimage"},"thumbnailUrl":"https:\/\/www.rentila.pt\/assets\/img\/blog\/blog_news_2.png","articleSection":["Not\u00edcias imobili\u00e1rias","Rentila"],"inLanguage":"pt-PT"},{"@type":"WebPage","@id":"https:\/\/www.rentila.pt\/blog\/janeiro-de-2026-noticias-do-mercado-imobiliario\/","url":"https:\/\/www.rentila.pt\/blog\/janeiro-de-2026-noticias-do-mercado-imobiliario\/","name":"Janeiro de 2026: Not\u00edcias do mercado imobili\u00e1rio - Blog de gest\u00e3o de im\u00f3veis para propriet\u00e1rios","isPartOf":{"@id":"https:\/\/www.rentila.pt\/blog\/#website"},"primaryImageOfPage":{"@id":"https:\/\/www.rentila.pt\/blog\/janeiro-de-2026-noticias-do-mercado-imobiliario\/#primaryimage"},"image":{"@id":"https:\/\/www.rentila.pt\/blog\/janeiro-de-2026-noticias-do-mercado-imobiliario\/#primaryimage"},"thumbnailUrl":"https:\/\/www.rentila.pt\/assets\/img\/blog\/blog_news_2.png","datePublished":"2026-01-26T17:00:07+00:00","dateModified":"2026-01-26T17:00:08+00:00","author":{"@id":"https:\/\/www.rentila.pt\/blog\/#\/schema\/person\/48d5da9c214644e3d6d363055bfba1d1"},"description":"Todos os meses, a Rentila oferece-lhe uma vis\u00e3o geral da imprensa imobili\u00e1ria.","breadcrumb":{"@id":"https:\/\/www.rentila.pt\/blog\/janeiro-de-2026-noticias-do-mercado-imobiliario\/#breadcrumb"},"inLanguage":"pt-PT","potentialAction":[{"@type":"ReadAction","target":["https:\/\/www.rentila.pt\/blog\/janeiro-de-2026-noticias-do-mercado-imobiliario\/"]}]},{"@type":"ImageObject","inLanguage":"pt-PT","@id":"https:\/\/www.rentila.pt\/blog\/janeiro-de-2026-noticias-do-mercado-imobiliario\/#primaryimage","url":"https:\/\/www.rentila.pt\/assets\/img\/blog\/blog_news_2.png","contentUrl":"https:\/\/www.rentila.pt\/assets\/img\/blog\/blog_news_2.png"},{"@type":"BreadcrumbList","@id":"https:\/\/www.rentila.pt\/blog\/janeiro-de-2026-noticias-do-mercado-imobiliario\/#breadcrumb","itemListElement":[{"@type":"ListItem","position":1,"name":"Home","item":"https:\/\/www.rentila.pt\/blog\/"},{"@type":"ListItem","position":2,"name":"Janeiro de 2026: Not\u00edcias do mercado imobili\u00e1rio"}]},{"@type":"WebSite","@id":"https:\/\/www.rentila.pt\/blog\/#website","url":"https:\/\/www.rentila.pt\/blog\/","name":"Blog de gest\u00e3o de im\u00f3veis para propriet\u00e1rios","description":"Conselhos pr\u00e1ticos, not\u00edcias imobili\u00e1rias","potentialAction":[{"@type":"SearchAction","target":{"@type":"EntryPoint","urlTemplate":"https:\/\/www.rentila.pt\/blog\/?s={search_term_string}"},"query-input":{"@type":"PropertyValueSpecification","valueRequired":true,"valueName":"search_term_string"}}],"inLanguage":"pt-PT"},{"@type":"Person","@id":"https:\/\/www.rentila.pt\/blog\/#\/schema\/person\/48d5da9c214644e3d6d363055bfba1d1","name":"Danny","image":{"@type":"ImageObject","inLanguage":"pt-PT","@id":"https:\/\/secure.gravatar.com\/avatar\/3d496276db631e926ee6e2e7ab28ae68290737c3d6a5f15165a98eb201b63568?s=96&d=mm&r=g","url":"https:\/\/secure.gravatar.com\/avatar\/3d496276db631e926ee6e2e7ab28ae68290737c3d6a5f15165a98eb201b63568?s=96&d=mm&r=g","contentUrl":"https:\/\/secure.gravatar.com\/avatar\/3d496276db631e926ee6e2e7ab28ae68290737c3d6a5f15165a98eb201b63568?s=96&d=mm&r=g","caption":"Danny"},"url":"https:\/\/www.rentila.pt\/blog\/author\/danny\/"}]}},"_links":{"self":[{"href":"https:\/\/www.rentila.pt\/blog\/wp-json\/wp\/v2\/posts\/8911","targetHints":{"allow":["GET"]}}],"collection":[{"href":"https:\/\/www.rentila.pt\/blog\/wp-json\/wp\/v2\/posts"}],"about":[{"href":"https:\/\/www.rentila.pt\/blog\/wp-json\/wp\/v2\/types\/post"}],"author":[{"embeddable":true,"href":"https:\/\/www.rentila.pt\/blog\/wp-json\/wp\/v2\/users\/9"}],"replies":[{"embeddable":true,"href":"https:\/\/www.rentila.pt\/blog\/wp-json\/wp\/v2\/comments?post=8911"}],"version-history":[{"count":4,"href":"https:\/\/www.rentila.pt\/blog\/wp-json\/wp\/v2\/posts\/8911\/revisions"}],"predecessor-version":[{"id":8921,"href":"https:\/\/www.rentila.pt\/blog\/wp-json\/wp\/v2\/posts\/8911\/revisions\/8921"}],"wp:attachment":[{"href":"https:\/\/www.rentila.pt\/blog\/wp-json\/wp\/v2\/media?parent=8911"}],"wp:term":[{"taxonomy":"category","embeddable":true,"href":"https:\/\/www.rentila.pt\/blog\/wp-json\/wp\/v2\/categories?post=8911"},{"taxonomy":"post_tag","embeddable":true,"href":"https:\/\/www.rentila.pt\/blog\/wp-json\/wp\/v2\/tags?post=8911"}],"curies":[{"name":"wp","href":"https:\/\/api.w.org\/{rel}","templated":true}]}}