{"id":4839,"date":"2022-05-24T19:08:58","date_gmt":"2022-05-24T19:08:58","guid":{"rendered":"https:\/\/www.rentila.pt\/blog\/?p=4839"},"modified":"2022-05-25T19:22:45","modified_gmt":"2022-05-25T19:22:45","slug":"gerir-o-seu-imovel-de-arrendamento-os-pros-e-contras","status":"publish","type":"post","link":"https:\/\/www.rentila.pt\/blog\/gerir-o-seu-imovel-de-arrendamento-os-pros-e-contras\/","title":{"rendered":"Gerir o seu im\u00f3vel de arrendamento: Os Pr\u00f3s e Contras"},"content":{"rendered":"\n<div><img loading=\"lazy\" decoding=\"async\" class=\"alignleft wp-image-516 size-full\" title=\"newspaper\" src=\"https:\/\/www.rentila.pt\/assets\/img\/blog\/blog_advice.png\" alt=\"gerir o seu im\u00f3vel de arrendamento\" width=\"1600\" height=\"800\"><\/div>\n<div class=\"sommaire\">\n<div class=\"phase-content__flag phase-1\">Resumo<\/div>\n<ol>\n<li><a href=\"https:\/\/www.rentila.pt\/blog\/gerir-o-seu-imovel-de-arrendamento-os-pros-e-contras\/#1\">PR\u00d3S da gest\u00e3o pr\u00f3pria<\/a><\/li>\n<li><a href=\"https:\/\/www.rentila.pt\/blog\/gerir-o-seu-imovel-de-arrendamento-os-pros-e-contras\/#2\">CONTRAS da gest\u00e3o pr\u00f3pria<\/a><\/li>\n<li><a href=\"https:\/\/www.rentila.pt\/blog\/gerir-o-seu-imovel-de-arrendamento-os-pros-e-contras\/#3\">Gerir o seu im\u00f3vel de arrendamento: a n\u00e3o esquecer<\/a><\/li>\n<\/ol>\n<\/div>\n<p class=\"lead\">Ent\u00e3o, voc\u00ea est\u00e1 a come\u00e7ar a construir o seu imp\u00e9rio de compra para arrendamento. Assim, tem um im\u00f3vel pronto para os inquilinos alugarem, mas deve gerir o seu im\u00f3vel de arrendamento sozinho ou deix\u00e1-lo nas m\u00e3os de um profissional de confian\u00e7a? Bem, assim como a maioria das coisas na vida, h\u00e1 pr\u00f3s e contras nessa decis\u00e3o. Se est\u00e1 indeciso, reserve um momento para ler o nosso pequeno guia.<\/p>\n<p><!--more--><\/p>\n<h2 id=\"1\">Pr\u00f3s da gest\u00e3o pr\u00f3pria<\/h2>\n<p>Vamos come\u00e7ar com os pr\u00f3s da auto gest\u00e3o do seu im\u00f3vel.<\/p>\n<h2>Uma oportunidade para aprender<\/h2>\n<p>Se esta \u00e9 a sua primeira propriedade, \u00e9 compreens\u00edvel que se sinta intimidado pela perspetiva de gerir o seu im\u00f3vel de arrendamento. Ent\u00e3o, poder\u00e1 pensar que esse \u00e9 o momento perfeito para usar um agente. No entanto, embora gerir propriedades seja uma profiss\u00e3o, n\u00e3o \u00e9 uma cirurgia ao c\u00e9rebro e muitas pessoas fazem-no. Assim, \u00e9 tamb\u00e9m uma excelente oportunidade para aprender, o que acontecer\u00e1 caso tenha apenas uma propriedade.<\/p>\n<p>Sim, pode cometer algum erro estranho no in\u00edcio, mas essa \u00e9 geralmente a melhor maneira de aprender. Se quiser usar um agente imobili\u00e1rio quando tiver muitas propriedades, j\u00e1 ter\u00e1, depois, uma melhor capacidade de garantir que estes estejam a fazer um bom trabalho.<\/p>\n<h2>Sem taxas de gest\u00e3o<\/h2>\n<p>A principal vantagem de gerir o seu pr\u00f3prio im\u00f3vel s\u00e3o as taxas. Se tiver a sorte de possuir a sua pr\u00f3pria propriedade, as taxas podem ser pagas facilmente. Mas, se tiver uma propriedade BTL e est\u00e1 a trabalhar com margens, os 7-15% cobrados por um agente de gest\u00e3o de propriedades podem espremer demasiado os seus resultados.<\/p>\n<h2>\u00c9 o seu beb\u00e9<\/h2>\n<p>Se pesquisou, comprou e renovou a sua propriedade com amor, talvez queira continuar a ter 100% de controlo sobre o seu investimento. Quando \u00e9 o seu neg\u00f3cio, e n\u00e3o apenas o trabalho de um agente, tem mais tempo e vontade de fazer o que \u00e9 melhor para si. Porque pode at\u00e9 j\u00e1 ter trabalhadores de confian\u00e7a para arranjar a propriedade mas preferir as coisas feitas por si. Pelo menos dessa forma, poder\u00e1 ter a certeza de que as coisas necess\u00e1rias s\u00e3o feitas porque foi voc\u00ea as fez.<\/p>\n<h2 id=\"2\">Contras da gest\u00e3o pr\u00f3pria<\/h2>\n<p>Agora, vamos explorar as desvantagens de auto gerir o seu im\u00f3vel.<\/p>\n<h2>Restri\u00e7\u00f5es de tempo ao gerir o seu im\u00f3vel de arrendamento<\/h2>\n<p>Gerir uma propriedade pode ser um assunto demorado. Se trabalha a tempo inteiro, pode ter dificuldade em gerir mais do que uma propriedade. Pode descobrir que n\u00e3o tem tempo para aproveitar o benef\u00edcio financeiro de possuir propriedades, pois o seu tempo livre \u00e9 ocupado ao geri-las.<\/p>\n<h2>Problemas legais<\/h2>\n<p>Lembre-se de que se pode meter em montes de problemas legais se cometer algum erro. Portanto, todos os pequenos pormenores burocr\u00e1ticos devem ser resolvidos. Se n\u00e3o tiver a certeza, para come\u00e7ar, pode achar que o risco \u00e9 muito alto e preferir usar um agente.<\/p>\n<p>Basta haver um inc\u00eandio em casa ou uma fuga de g\u00e1s, que s\u00e3o relativamente comuns. Se houvesse uma fatalidade e descobrissem que voc\u00ea n\u00e3o fez as devidas dilig\u00eancias, que forneceu alarmes e que fez as verifica\u00e7\u00f5es necess\u00e1rias &#8211; ent\u00e3o para al\u00e9m da propriedade ardida ou de algu\u00e9m eventualmente morrer, voc\u00ea provavelmente iria para a pris\u00e3o.<\/p>\n<h2>Enfrentar sozinho assuntos sens\u00edveis<\/h2>\n<p>Nem tudo na vida corre bem, e mesmo com a melhor gest\u00e3o, \u00e0s vezes as coisas d\u00e3o problemas. Se o seu inquilino est\u00e1 com dificuldade em pagar a renda ou, pior ainda, se precisa de o despejar por falta de pagamento, \u00e0s vezes o inquilino e o propriet\u00e1rio podem estar completamente investidos nos seus objetivos, e isso pode-se tornar pessoal e perturbador para todos. Quem n\u00e3o se sentiria culpado, zangado ou potencialmente manipulado como propriet\u00e1rio? Se existir um gestor de propriedades envolvido, este poder\u00e1 lidar com isso de uma posi\u00e7\u00e3o muito menos pessoal.<\/p>\n<h2>Pode poupar menos do que pensa<\/h2>\n<p>Na maioria das vezes, essas coisas resumem-se ao custo. Se os gestores de propriedades fossem gr\u00e1tis, haveria uma aceita\u00e7\u00e3o da oferta quase 100% garantida. Portanto, a escolha de gerir por si pr\u00f3prio geralmente baseia-se em economizar no custo dos honor\u00e1rios do agente. No entanto, pode acontecer que n\u00e3o economize dinheiro. Imagine o cen\u00e1rio altamente poss\u00edvel de que a sua propriedade precise de algumas repara\u00e7\u00f5es por ano.<\/p>\n<p>Uma coisa que os agentes fazem muito bem \u00e9 ter uma rede de fornecedores que podem lidar com repara\u00e7\u00f5es e manuten\u00e7\u00e3o a um pre\u00e7o com desconto. Isso pode fazer reduzir facilmente o pagamento mensal aproximado que teria que pagar a um agente. Al\u00e9m disso, estes podem ajud\u00e1-lo a descobrir quaisquer benef\u00edcios fiscais que lhe sejam aplic\u00e1veis. Tamb\u00e9m podem defend\u00ea-lo em disputas legais, economizando-lhe milhares de euros.<\/p>\n<p>Al\u00e9m disso, os agentes s\u00e3o especialistas em marketing e t\u00eam sempre inquilinos \u00e0 procura de im\u00f3veis. Se a sua propriedade est\u00e1 no mercado h\u00e1 mais de um m\u00eas, pode ter que acabar por contactar um agente que possa arranjar um inquilino, quem sabe, dentro de alguns dias.<\/p>\n<h2>Os erros podem sair caros<\/h2>\n<p>Sugerimos anteriormente que uma excelente maneira de aprender \u00e9 cometer erros. Mas um dos piores erros que pode cometer \u00e9 n\u00e3o selecionar os seus inquilinos de forma eficaz. E depois ficar com uma propriedade ocupada por inquilinos que n\u00e3o pagam. Esta \u00e9 uma receita potencial para a ru\u00edna financeira.<\/p>\n<p>Pode acontecer que o an\u00fancio do seu im\u00f3vel gere muito poucos candidatos, enquanto que um agente imobili\u00e1rio pode escolher o seu inquilino a partir de uma lista de v\u00e1rios inquilinos altamente adequados. Ele consegue executar verifica\u00e7\u00f5es de cr\u00e9dito, hist\u00f3rico de emprego, registos p\u00fablicos, registos de despejo, antecedentes criminais, entre outros.<\/p>\n<h2 id=\"3\">Gerir o seu im\u00f3vel de arrendamento: a n\u00e3o esquecer<\/h2>\n<p>Aqui est\u00e1 um resumo r\u00e1pido do nosso guia sobre os pr\u00f3s e contras de gerir o seu im\u00f3vel de arrendamento.<\/p>\n<ul>\n<li>Se vai auto gerir o seu im\u00f3vel, pode esperar aprender como fazer isso, economizando taxas e tendo 100% de controlo sobre a sua propriedade.<\/li>\n<li>Certifique-se de que todas as verifica\u00e7\u00f5es de seguran\u00e7a necess\u00e1rias foram conclu\u00eddas, como o seu certificado anual de g\u00e1s, teste PAT de produtos el\u00e9tricos e fornecimento de alarmes de fumo e mon\u00f3xido de carbono.<\/li>\n<li>Se \u00e9 uma pessoa ocupada com muitos compromissos, a autogest\u00e3o pode n\u00e3o ser para si. E ter\u00e1 que se preparar para o caso de surgirem problemas com inquilinos que t\u00eam dificuldade ou que se recusam a pagar a renda.<\/li>\n<li>Tamb\u00e9m deve considerar as vantagens de poupar recorrendo a um agente, se ainda n\u00e3o tiver uma lista de fornecedores, mas a pre\u00e7os razo\u00e1veis. Se n\u00e3o tiver a certeza sobre os seus compromissos fiscais, um agente imobili\u00e1rio tamb\u00e9m o poder\u00e1 ajudar.<\/li>\n<\/ul>\n","protected":false},"excerpt":{"rendered":"<p>Resumo PR\u00d3S da gest\u00e3o pr\u00f3pria CONTRAS da gest\u00e3o pr\u00f3pria Gerir o seu im\u00f3vel de arrendamento: a n\u00e3o esquecer Ent\u00e3o, voc\u00ea est\u00e1 a come\u00e7ar a construir o seu imp\u00e9rio de compra para arrendamento. Assim, tem um im\u00f3vel pronto para os inquilinos alugarem, mas deve gerir o seu im\u00f3vel de arrendamento sozinho ou deix\u00e1-lo nas m\u00e3os de [&hellip;]<\/p>\n","protected":false},"author":4,"featured_media":0,"comment_status":"closed","ping_status":"closed","sticky":false,"template":"","format":"standard","meta":{"footnotes":""},"categories":[2],"tags":[],"class_list":["post-4839","post","type-post","status-publish","format-standard","hentry","category-basics"],"yoast_head":"<!-- This site is optimized with the Yoast SEO plugin v27.4 - https:\/\/yoast.com\/product\/yoast-seo-wordpress\/ -->\n<title>Gerir o seu im\u00f3vel de arrendamento: Os Pr\u00f3s e Contras - Blog de gest\u00e3o de im\u00f3veis para propriet\u00e1rios<\/title>\n<meta name=\"description\" content=\"Tem um im\u00f3vel para alugar, mas deve gerir o seu im\u00f3vel de arrendamento sozinho ou coloc\u00e1-lo nas m\u00e3os de um profissional de confian\u00e7a?\" \/>\n<meta name=\"robots\" content=\"index, follow, max-snippet:-1, max-image-preview:large, max-video-preview:-1\" \/>\n<link rel=\"canonical\" href=\"https:\/\/www.rentila.pt\/blog\/gerir-o-seu-imovel-de-arrendamento-os-pros-e-contras\/\" \/>\n<meta property=\"og:locale\" content=\"pt_PT\" \/>\n<meta property=\"og:type\" content=\"article\" \/>\n<meta property=\"og:title\" content=\"Gerir o seu im\u00f3vel de arrendamento: Os Pr\u00f3s e Contras - Blog de gest\u00e3o de im\u00f3veis para propriet\u00e1rios\" \/>\n<meta property=\"og:description\" content=\"Tem um im\u00f3vel para alugar, mas deve gerir o seu im\u00f3vel de arrendamento sozinho ou coloc\u00e1-lo nas m\u00e3os de um profissional de confian\u00e7a?\" \/>\n<meta property=\"og:url\" content=\"https:\/\/www.rentila.pt\/blog\/gerir-o-seu-imovel-de-arrendamento-os-pros-e-contras\/\" \/>\n<meta property=\"og:site_name\" content=\"Blog de gest\u00e3o de im\u00f3veis para propriet\u00e1rios\" \/>\n<meta property=\"article:publisher\" content=\"https:\/\/www.facebook.com\/Rentila-Espa%c3%b1a-234200993854422\/\" \/>\n<meta property=\"article:published_time\" content=\"2022-05-24T19:08:58+00:00\" \/>\n<meta property=\"article:modified_time\" content=\"2022-05-25T19:22:45+00:00\" \/>\n<meta property=\"og:image\" content=\"https:\/\/www.rentila.co.uk\/assets\/img\/blog\/conseil_1400_2.png\" \/>\n<meta name=\"author\" content=\"Rentila\" \/>\n<meta name=\"twitter:card\" content=\"summary_large_image\" \/>\n<meta name=\"twitter:label1\" content=\"Escrito por\" \/>\n\t<meta name=\"twitter:data1\" content=\"Rentila\" \/>\n\t<meta name=\"twitter:label2\" content=\"Tempo estimado de leitura\" \/>\n\t<meta name=\"twitter:data2\" content=\"7 minutos\" \/>\n<script type=\"application\/ld+json\" class=\"yoast-schema-graph\">{\"@context\":\"https:\\\/\\\/schema.org\",\"@graph\":[{\"@type\":\"Article\",\"@id\":\"https:\\\/\\\/www.rentila.pt\\\/blog\\\/gerir-o-seu-imovel-de-arrendamento-os-pros-e-contras\\\/#article\",\"isPartOf\":{\"@id\":\"https:\\\/\\\/www.rentila.pt\\\/blog\\\/gerir-o-seu-imovel-de-arrendamento-os-pros-e-contras\\\/\"},\"author\":{\"name\":\"Rentila\",\"@id\":\"https:\\\/\\\/www.rentila.pt\\\/blog\\\/#\\\/schema\\\/person\\\/5a11361017f4445655e079d0041557b2\"},\"headline\":\"Gerir o seu im\u00f3vel de arrendamento: Os Pr\u00f3s e Contras\",\"datePublished\":\"2022-05-24T19:08:58+00:00\",\"dateModified\":\"2022-05-25T19:22:45+00:00\",\"mainEntityOfPage\":{\"@id\":\"https:\\\/\\\/www.rentila.pt\\\/blog\\\/gerir-o-seu-imovel-de-arrendamento-os-pros-e-contras\\\/\"},\"wordCount\":1211,\"image\":{\"@id\":\"https:\\\/\\\/www.rentila.pt\\\/blog\\\/gerir-o-seu-imovel-de-arrendamento-os-pros-e-contras\\\/#primaryimage\"},\"thumbnailUrl\":\"https:\\\/\\\/www.rentila.pt\\\/assets\\\/img\\\/blog\\\/blog_advice.png\",\"articleSection\":[\"Os b\u00e1sicos\"],\"inLanguage\":\"pt-PT\"},{\"@type\":\"WebPage\",\"@id\":\"https:\\\/\\\/www.rentila.pt\\\/blog\\\/gerir-o-seu-imovel-de-arrendamento-os-pros-e-contras\\\/\",\"url\":\"https:\\\/\\\/www.rentila.pt\\\/blog\\\/gerir-o-seu-imovel-de-arrendamento-os-pros-e-contras\\\/\",\"name\":\"Gerir o seu im\u00f3vel de arrendamento: Os Pr\u00f3s e Contras - Blog de gest\u00e3o de im\u00f3veis para propriet\u00e1rios\",\"isPartOf\":{\"@id\":\"https:\\\/\\\/www.rentila.pt\\\/blog\\\/#website\"},\"primaryImageOfPage\":{\"@id\":\"https:\\\/\\\/www.rentila.pt\\\/blog\\\/gerir-o-seu-imovel-de-arrendamento-os-pros-e-contras\\\/#primaryimage\"},\"image\":{\"@id\":\"https:\\\/\\\/www.rentila.pt\\\/blog\\\/gerir-o-seu-imovel-de-arrendamento-os-pros-e-contras\\\/#primaryimage\"},\"thumbnailUrl\":\"https:\\\/\\\/www.rentila.pt\\\/assets\\\/img\\\/blog\\\/blog_advice.png\",\"datePublished\":\"2022-05-24T19:08:58+00:00\",\"dateModified\":\"2022-05-25T19:22:45+00:00\",\"author\":{\"@id\":\"https:\\\/\\\/www.rentila.pt\\\/blog\\\/#\\\/schema\\\/person\\\/5a11361017f4445655e079d0041557b2\"},\"description\":\"Tem um im\u00f3vel para alugar, mas deve gerir o seu im\u00f3vel de arrendamento sozinho ou coloc\u00e1-lo nas m\u00e3os de um profissional de confian\u00e7a?\",\"breadcrumb\":{\"@id\":\"https:\\\/\\\/www.rentila.pt\\\/blog\\\/gerir-o-seu-imovel-de-arrendamento-os-pros-e-contras\\\/#breadcrumb\"},\"inLanguage\":\"pt-PT\",\"potentialAction\":[{\"@type\":\"ReadAction\",\"target\":[\"https:\\\/\\\/www.rentila.pt\\\/blog\\\/gerir-o-seu-imovel-de-arrendamento-os-pros-e-contras\\\/\"]}]},{\"@type\":\"ImageObject\",\"inLanguage\":\"pt-PT\",\"@id\":\"https:\\\/\\\/www.rentila.pt\\\/blog\\\/gerir-o-seu-imovel-de-arrendamento-os-pros-e-contras\\\/#primaryimage\",\"url\":\"https:\\\/\\\/www.rentila.pt\\\/assets\\\/img\\\/blog\\\/blog_advice.png\",\"contentUrl\":\"https:\\\/\\\/www.rentila.pt\\\/assets\\\/img\\\/blog\\\/blog_advice.png\"},{\"@type\":\"BreadcrumbList\",\"@id\":\"https:\\\/\\\/www.rentila.pt\\\/blog\\\/gerir-o-seu-imovel-de-arrendamento-os-pros-e-contras\\\/#breadcrumb\",\"itemListElement\":[{\"@type\":\"ListItem\",\"position\":1,\"name\":\"Home\",\"item\":\"https:\\\/\\\/www.rentila.pt\\\/blog\\\/\"},{\"@type\":\"ListItem\",\"position\":2,\"name\":\"Gerir o seu im\u00f3vel de arrendamento: Os Pr\u00f3s e Contras\"}]},{\"@type\":\"WebSite\",\"@id\":\"https:\\\/\\\/www.rentila.pt\\\/blog\\\/#website\",\"url\":\"https:\\\/\\\/www.rentila.pt\\\/blog\\\/\",\"name\":\"Blog de gest\u00e3o de im\u00f3veis para propriet\u00e1rios\",\"description\":\"Conselhos pr\u00e1ticos, not\u00edcias imobili\u00e1rias\",\"potentialAction\":[{\"@type\":\"SearchAction\",\"target\":{\"@type\":\"EntryPoint\",\"urlTemplate\":\"https:\\\/\\\/www.rentila.pt\\\/blog\\\/?s={search_term_string}\"},\"query-input\":{\"@type\":\"PropertyValueSpecification\",\"valueRequired\":true,\"valueName\":\"search_term_string\"}}],\"inLanguage\":\"pt-PT\"},{\"@type\":\"Person\",\"@id\":\"https:\\\/\\\/www.rentila.pt\\\/blog\\\/#\\\/schema\\\/person\\\/5a11361017f4445655e079d0041557b2\",\"name\":\"Rentila\",\"image\":{\"@type\":\"ImageObject\",\"inLanguage\":\"pt-PT\",\"@id\":\"https:\\\/\\\/secure.gravatar.com\\\/avatar\\\/c4fca21133a60c87d700e0dacc408e758b6e572296ec467d947953283975eea8?s=96&d=mm&r=g\",\"url\":\"https:\\\/\\\/secure.gravatar.com\\\/avatar\\\/c4fca21133a60c87d700e0dacc408e758b6e572296ec467d947953283975eea8?s=96&d=mm&r=g\",\"contentUrl\":\"https:\\\/\\\/secure.gravatar.com\\\/avatar\\\/c4fca21133a60c87d700e0dacc408e758b6e572296ec467d947953283975eea8?s=96&d=mm&r=g\",\"caption\":\"Rentila\"},\"url\":\"https:\\\/\\\/www.rentila.pt\\\/blog\\\/author\\\/roumen\\\/\"}]}<\/script>\n<!-- \/ Yoast SEO plugin. -->","yoast_head_json":{"title":"Gerir o seu im\u00f3vel de arrendamento: Os Pr\u00f3s e Contras - Blog de gest\u00e3o de im\u00f3veis para propriet\u00e1rios","description":"Tem um im\u00f3vel para alugar, mas deve gerir o seu im\u00f3vel de arrendamento sozinho ou coloc\u00e1-lo nas m\u00e3os de um profissional de confian\u00e7a?","robots":{"index":"index","follow":"follow","max-snippet":"max-snippet:-1","max-image-preview":"max-image-preview:large","max-video-preview":"max-video-preview:-1"},"canonical":"https:\/\/www.rentila.pt\/blog\/gerir-o-seu-imovel-de-arrendamento-os-pros-e-contras\/","og_locale":"pt_PT","og_type":"article","og_title":"Gerir o seu im\u00f3vel de arrendamento: Os Pr\u00f3s e Contras - Blog de gest\u00e3o de im\u00f3veis para propriet\u00e1rios","og_description":"Tem um im\u00f3vel para alugar, mas deve gerir o seu im\u00f3vel de arrendamento sozinho ou coloc\u00e1-lo nas m\u00e3os de um profissional de confian\u00e7a?","og_url":"https:\/\/www.rentila.pt\/blog\/gerir-o-seu-imovel-de-arrendamento-os-pros-e-contras\/","og_site_name":"Blog de gest\u00e3o de im\u00f3veis para propriet\u00e1rios","article_publisher":"https:\/\/www.facebook.com\/Rentila-Espa%c3%b1a-234200993854422\/","article_published_time":"2022-05-24T19:08:58+00:00","article_modified_time":"2022-05-25T19:22:45+00:00","og_image":[{"url":"https:\/\/www.rentila.co.uk\/assets\/img\/blog\/conseil_1400_2.png","type":"","width":"","height":""}],"author":"Rentila","twitter_card":"summary_large_image","twitter_misc":{"Escrito por":"Rentila","Tempo estimado de leitura":"7 minutos"},"schema":{"@context":"https:\/\/schema.org","@graph":[{"@type":"Article","@id":"https:\/\/www.rentila.pt\/blog\/gerir-o-seu-imovel-de-arrendamento-os-pros-e-contras\/#article","isPartOf":{"@id":"https:\/\/www.rentila.pt\/blog\/gerir-o-seu-imovel-de-arrendamento-os-pros-e-contras\/"},"author":{"name":"Rentila","@id":"https:\/\/www.rentila.pt\/blog\/#\/schema\/person\/5a11361017f4445655e079d0041557b2"},"headline":"Gerir o seu im\u00f3vel de arrendamento: Os Pr\u00f3s e Contras","datePublished":"2022-05-24T19:08:58+00:00","dateModified":"2022-05-25T19:22:45+00:00","mainEntityOfPage":{"@id":"https:\/\/www.rentila.pt\/blog\/gerir-o-seu-imovel-de-arrendamento-os-pros-e-contras\/"},"wordCount":1211,"image":{"@id":"https:\/\/www.rentila.pt\/blog\/gerir-o-seu-imovel-de-arrendamento-os-pros-e-contras\/#primaryimage"},"thumbnailUrl":"https:\/\/www.rentila.pt\/assets\/img\/blog\/blog_advice.png","articleSection":["Os b\u00e1sicos"],"inLanguage":"pt-PT"},{"@type":"WebPage","@id":"https:\/\/www.rentila.pt\/blog\/gerir-o-seu-imovel-de-arrendamento-os-pros-e-contras\/","url":"https:\/\/www.rentila.pt\/blog\/gerir-o-seu-imovel-de-arrendamento-os-pros-e-contras\/","name":"Gerir o seu im\u00f3vel de arrendamento: Os Pr\u00f3s e Contras - Blog de gest\u00e3o de im\u00f3veis para propriet\u00e1rios","isPartOf":{"@id":"https:\/\/www.rentila.pt\/blog\/#website"},"primaryImageOfPage":{"@id":"https:\/\/www.rentila.pt\/blog\/gerir-o-seu-imovel-de-arrendamento-os-pros-e-contras\/#primaryimage"},"image":{"@id":"https:\/\/www.rentila.pt\/blog\/gerir-o-seu-imovel-de-arrendamento-os-pros-e-contras\/#primaryimage"},"thumbnailUrl":"https:\/\/www.rentila.pt\/assets\/img\/blog\/blog_advice.png","datePublished":"2022-05-24T19:08:58+00:00","dateModified":"2022-05-25T19:22:45+00:00","author":{"@id":"https:\/\/www.rentila.pt\/blog\/#\/schema\/person\/5a11361017f4445655e079d0041557b2"},"description":"Tem um im\u00f3vel para alugar, mas deve gerir o seu im\u00f3vel de arrendamento sozinho ou coloc\u00e1-lo nas m\u00e3os de um profissional de confian\u00e7a?","breadcrumb":{"@id":"https:\/\/www.rentila.pt\/blog\/gerir-o-seu-imovel-de-arrendamento-os-pros-e-contras\/#breadcrumb"},"inLanguage":"pt-PT","potentialAction":[{"@type":"ReadAction","target":["https:\/\/www.rentila.pt\/blog\/gerir-o-seu-imovel-de-arrendamento-os-pros-e-contras\/"]}]},{"@type":"ImageObject","inLanguage":"pt-PT","@id":"https:\/\/www.rentila.pt\/blog\/gerir-o-seu-imovel-de-arrendamento-os-pros-e-contras\/#primaryimage","url":"https:\/\/www.rentila.pt\/assets\/img\/blog\/blog_advice.png","contentUrl":"https:\/\/www.rentila.pt\/assets\/img\/blog\/blog_advice.png"},{"@type":"BreadcrumbList","@id":"https:\/\/www.rentila.pt\/blog\/gerir-o-seu-imovel-de-arrendamento-os-pros-e-contras\/#breadcrumb","itemListElement":[{"@type":"ListItem","position":1,"name":"Home","item":"https:\/\/www.rentila.pt\/blog\/"},{"@type":"ListItem","position":2,"name":"Gerir o seu im\u00f3vel de arrendamento: Os Pr\u00f3s e Contras"}]},{"@type":"WebSite","@id":"https:\/\/www.rentila.pt\/blog\/#website","url":"https:\/\/www.rentila.pt\/blog\/","name":"Blog de gest\u00e3o de im\u00f3veis para propriet\u00e1rios","description":"Conselhos pr\u00e1ticos, not\u00edcias imobili\u00e1rias","potentialAction":[{"@type":"SearchAction","target":{"@type":"EntryPoint","urlTemplate":"https:\/\/www.rentila.pt\/blog\/?s={search_term_string}"},"query-input":{"@type":"PropertyValueSpecification","valueRequired":true,"valueName":"search_term_string"}}],"inLanguage":"pt-PT"},{"@type":"Person","@id":"https:\/\/www.rentila.pt\/blog\/#\/schema\/person\/5a11361017f4445655e079d0041557b2","name":"Rentila","image":{"@type":"ImageObject","inLanguage":"pt-PT","@id":"https:\/\/secure.gravatar.com\/avatar\/c4fca21133a60c87d700e0dacc408e758b6e572296ec467d947953283975eea8?s=96&d=mm&r=g","url":"https:\/\/secure.gravatar.com\/avatar\/c4fca21133a60c87d700e0dacc408e758b6e572296ec467d947953283975eea8?s=96&d=mm&r=g","contentUrl":"https:\/\/secure.gravatar.com\/avatar\/c4fca21133a60c87d700e0dacc408e758b6e572296ec467d947953283975eea8?s=96&d=mm&r=g","caption":"Rentila"},"url":"https:\/\/www.rentila.pt\/blog\/author\/roumen\/"}]}},"_links":{"self":[{"href":"https:\/\/www.rentila.pt\/blog\/wp-json\/wp\/v2\/posts\/4839","targetHints":{"allow":["GET"]}}],"collection":[{"href":"https:\/\/www.rentila.pt\/blog\/wp-json\/wp\/v2\/posts"}],"about":[{"href":"https:\/\/www.rentila.pt\/blog\/wp-json\/wp\/v2\/types\/post"}],"author":[{"embeddable":true,"href":"https:\/\/www.rentila.pt\/blog\/wp-json\/wp\/v2\/users\/4"}],"replies":[{"embeddable":true,"href":"https:\/\/www.rentila.pt\/blog\/wp-json\/wp\/v2\/comments?post=4839"}],"version-history":[{"count":18,"href":"https:\/\/www.rentila.pt\/blog\/wp-json\/wp\/v2\/posts\/4839\/revisions"}],"predecessor-version":[{"id":4879,"href":"https:\/\/www.rentila.pt\/blog\/wp-json\/wp\/v2\/posts\/4839\/revisions\/4879"}],"wp:attachment":[{"href":"https:\/\/www.rentila.pt\/blog\/wp-json\/wp\/v2\/media?parent=4839"}],"wp:term":[{"taxonomy":"category","embeddable":true,"href":"https:\/\/www.rentila.pt\/blog\/wp-json\/wp\/v2\/categories?post=4839"},{"taxonomy":"post_tag","embeddable":true,"href":"https:\/\/www.rentila.pt\/blog\/wp-json\/wp\/v2\/tags?post=4839"}],"curies":[{"name":"wp","href":"https:\/\/api.w.org\/{rel}","templated":true}]}}