{"id":2135,"date":"2020-02-22T16:19:00","date_gmt":"2020-02-22T16:19:00","guid":{"rendered":"https:\/\/www.rentila.pt\/blog\/?p=2135"},"modified":"2020-03-19T18:54:11","modified_gmt":"2020-03-19T18:54:11","slug":"quais-sao-os-custos-ocultos-para-o-proprietario","status":"publish","type":"post","link":"https:\/\/www.rentila.pt\/blog\/quais-sao-os-custos-ocultos-para-o-proprietario\/","title":{"rendered":"Quais s\u00e3o os custos ocultos para o propriet\u00e1rio?"},"content":{"rendered":"<div><img loading=\"lazy\" decoding=\"async\" class=\"alignleft wp-image-516 size-full\" title=\"newspaper\" src=\"https:\/\/www.rentila.pt\/assets\/img\/blog\/blog_accounting.png\" alt=\"custos ocultos para o propriet\u00e1rio\" width=\"1600\" height=\"800\" \/><\/div>\n<div class=\"sommaire\">\n<div class=\"phase-content__flag phase-1\">Resumo<\/div>\n<ol>\n<li><a href=\"https:\/\/www.rentila.com\/blog\/2020\/02\/frais-caches-quand-on-est-proprietaire-bailleur\/#1\">As diferentes obriga\u00e7\u00f5es do locador<\/a><\/li>\n<li><a href=\"https:\/\/www.rentila.com\/blog\/2020\/02\/frais-caches-quand-on-est-proprietaire-bailleur\/#2\">Os custos ocultos para o propriet\u00e1rio locador<\/a><\/li>\n<li><a href=\"https:\/\/www.rentila.com\/blog\/2020\/02\/frais-caches-quand-on-est-proprietaire-bailleur\/#3\">Os custos do financiamento imobili\u00e1rio<\/a><\/li>\n<li><a href=\"https:\/\/www.rentila.com\/blog\/2020\/02\/frais-caches-quand-on-est-proprietaire-bailleur\/#4\">Outros custos a n\u00e3o esquecer quando se \u00e9 propriet\u00e1rio locador<\/a><\/li>\n<\/ol>\n<\/div>\n<p class=\"lead\"><span style=\"font-size: inherit;\">Quando compra um im\u00f3vel,\u00a0 j\u00e1 pensou nos custos ocultos para o propriet\u00e1rio do mesmo? E em particular nos custos ocultos quando se \u00e9 propriet\u00e1rio locador?<\/span><\/p>\n<p class=\"lead\"><span style=\"font-size: inherit;\">Ao entrar num processo imobili\u00e1rio, seja para vender, comprar, investir ou arrendar uma casa, \u00e9 necess\u00e1rio ter o m\u00e1ximo de informa\u00e7\u00e3o poss\u00edvel logo \u00e0 partida.<\/span><\/p>\n<p class=\"lead\"><span style=\"font-size: inherit;\">De facto, o seu or\u00e7amento provis\u00f3rio deve integrar v\u00e1rios elementos, tais como o pre\u00e7o da casa.<\/span><\/p>\n<p class=\"lead\"><span lang=\"pt\" style=\"font-size: inherit;\">Sendo assim, aqui est\u00e1 uma pequena vis\u00e3o geral das obriga\u00e7\u00f5es e custos<\/span><span lang=\"pt\" style=\"font-size: inherit;\"> quando se \u00e9 locador.<\/span><\/p>\n<p><!--more--><\/p>\n<div id=\"KnM9nf\">\n<div><\/div>\n<div>\n<h2 id=\"2\">As diferentes obriga\u00e7\u00f5es do locador<\/h2>\n<\/div>\n<\/div>\n<p id=\"tw-target-text\" class=\"tw-data-text tw-text-large tw-ta\" dir=\"ltr\" data-placeholder=\"Tradu\u00e7\u00e3o\"><span lang=\"pt\">Antes de falar sobre os custos menores ou mais ocultos do locador (impostos locais, consumo de energia, taxas de cart\u00f3rio, cr\u00e9dito, taxas de copropriedade, etc.), lembremos claramente de quais s\u00e3o as suas obriga\u00e7\u00f5es.<\/span><\/p>\n<p class=\"tw-data-text tw-text-large tw-ta\" dir=\"ltr\" data-placeholder=\"Tradu\u00e7\u00e3o\"><span lang=\"pt\">Porque, na realidade, isso j\u00e1 poder\u00e1 explicar parte dos custos.<\/span><\/p>\n<h3>Fornecer um alojamento decente<\/h3>\n<p>Em primeiro lugar, o propriet\u00e1rio locador deve fornecer acomoda\u00e7\u00f5es que provavelmente n\u00e3o prejudiquem a sa\u00fade ou a integridade f\u00edsica do inquilino.<\/p>\n<p>Mas como? Ao garantir que n\u00e3o haja infesta\u00e7\u00e3o de parasitas ou esp\u00e9cies perigosas, atendendo aos crit\u00e9rios de desempenho energ\u00e9tico correto, propondo equipamentos em perfeito estado de funcionamento para que o alojamento esteja em conformidade com o uso de casa com espa\u00e7o m\u00ednimo.<\/p>\n<p>Porque a <strong>conformidade com as normas de seguran\u00e7a<\/strong> \u00e9 essencial.<\/p>\n<p>Assim, todas as instala\u00e7\u00f5es de \u00e1gua, eletricidade e g\u00e1s devem atender aos padr\u00f5es em vigor.<\/p>\n<h3>Manuten\u00e7\u00e3o regular das instala\u00e7\u00f5es<\/h3>\n<p>Outra obriga\u00e7\u00e3o que envolve custos por parte dos senhorios, est\u00e1 relacionada com o <strong>trabalho de manuten\u00e7\u00e3o<\/strong>.<\/p>\n<p>Se estes n\u00e3o corresponderem a repara\u00e7\u00f5es do arrendamento, o propriet\u00e1rio locador dever\u00e1 suportar o seu custo.<\/p>\n<p>Este tamb\u00e9m \u00e9 obrigado a informar o inquilino, por carta registada, da sua inten\u00e7\u00e3o de realizar o referido trabalho de manuten\u00e7\u00e3o.<\/p>\n<p>Observe tamb\u00e9m que uma redu\u00e7\u00e3o na renda pode ser implementada se o trabalho exceder o prazo.<\/p>\n<h3>As obriga\u00e7\u00f5es administrativas<\/h3>\n<p id=\"tw-target-text\" class=\"tw-data-text tw-text-large tw-ta\" dir=\"ltr\" data-placeholder=\"Tradu\u00e7\u00e3o\"><span lang=\"pt\">O propriet\u00e1rio dever\u00e1 ter assinado um contrato de arrendamento com o inquilino.<\/span><\/p>\n<p class=\"tw-data-text tw-text-large tw-ta\" dir=\"ltr\" data-placeholder=\"Tradu\u00e7\u00e3o\"><span lang=\"pt\">Paralelamente, tamb\u00e9m deve fornecer a este \u00faltimo <strong>documentos espec\u00edficos sobre o alojamento<\/strong>, como diagn\u00f3sticos de energia, uma c\u00f3pia dos regulamentos do condom\u00ednio ou at\u00e9 mesmo uma c\u00f3pia do invent\u00e1rio dos equipamentos.<\/span><\/p>\n<p class=\"tw-data-text tw-text-large tw-ta\" dir=\"ltr\" data-placeholder=\"Tradu\u00e7\u00e3o\"><span lang=\"pt\">Para al\u00e9m disso, o senhorio tamb\u00e9m <strong>deve fornecer os recibos de renda<\/strong> que mencionam os detalhes dos montantes cobrados (a renda e os encargos s\u00e3o indicados separadamente) que atestam o bom pagamento a cada m\u00eas.<\/span><\/p>\n<h2 id=\"2\">Os custos ocultos para o propriet\u00e1rio locador<\/h2>\n<h3>IMI<\/h3>\n<p>Depois de rever as principais obriga\u00e7\u00f5es do propriet\u00e1rio, aqui est\u00e1 uma lista de taxas e impostos que este deve pagar.<\/p>\n<p class=\"tw-data-text tw-text-large tw-ta\" dir=\"ltr\" data-placeholder=\"Tradu\u00e7\u00e3o\"><span lang=\"pt\">Atualmente, em Portugal, o propriet\u00e1rio de um im\u00f3vel est\u00e1 sujeito ao pagamento do <strong><a href=\"https:\/\/www.portaldasfinancas.gov.pt\/pt\/main.jsp?body=\/imi\/consultarTaxasIMIForm.jsp\" target=\"_blank\" rel=\"noopener noreferrer\">IMI<\/a><\/strong> (<strong>Imposto Municipal sobre Im\u00f3veis)<\/strong>, que \u00e9 um imposto Municipal cujas taxas s\u00e3o fixadas anualmente pelos Munic\u00edpios da \u00e1rea de localiza\u00e7\u00e3o dos im\u00f3veis.<\/span><\/p>\n<p dir=\"ltr\" data-placeholder=\"Tradu\u00e7\u00e3o\">O valor destas taxas situa-se entre 0,3% e 0,45% para os pr\u00e9dios urbanos e 0.8% para os pr\u00e9dios r\u00fasticos.<\/p>\n<h3>Imposto sobre o rendimento<\/h3>\n<p>Quando o locador recebe a receita do arrendamento, essa receita torna-se a refer\u00eancia de incid\u00eancia para o imposto sobre a renda.<\/p>\n<p>\u00c9 essencial que o propriet\u00e1rio declare as rendas recebidas no <a href=\"https:\/\/sitfiscal.portaldasfinancas.gov.pt\/geral\/siteMap#\" target=\"_blank\" rel=\"noopener noreferrer\"><strong>Portal das Finan\u00e7as<\/strong><\/a>, assim como a participa\u00e7\u00e3o do in\u00edcio, altera\u00e7\u00e3o ou cessa\u00e7\u00e3o de um contrato de arrendamento.<\/p>\n<h2 id=\"3\">Os custos do finaciamento imobili\u00e1rio<\/h2>\n<p>Entre os custos a que os propriet\u00e1rios locadores est\u00e3o sujeitos, est\u00e3o obviamente os <strong>custos de financiamento do im\u00f3vel<\/strong>.<\/p>\n<p>H\u00e1 juros devidos para o m\u00eas com base numa taxa de juros e no valor do capital a ser reembolsado.<\/p>\n<p>Tamb\u00e9m \u00e9 muito poss\u00edvel &#8211; e a institui\u00e7\u00e3o banc\u00e1ria deve-o ter obrigado a fazer isso &#8211; ter que pagar um pr\u00e9mio de seguro de empr\u00e9stimo.<\/p>\n<p>Os bancos recomendam fortemente que os propriet\u00e1rios adquiram seguro de vida e invalidez. O valor \u00e9 calculado de acordo com o capital inicial ou o capital restante.<\/p>\n<p>Esses custos de seguro do mutu\u00e1rio variam segundo o n\u00edvel de garantias e a companhia de seguros.<\/p>\n<h2 id=\"4\">Outros custos a n\u00e3o esquecer quando se \u00e9 propriet\u00e1rio locador<\/h2>\n<ul>\n<li>\n<p id=\"tw-target-text\" class=\"tw-data-text tw-text-large tw-ta\" dir=\"ltr\" data-placeholder=\"Tradu\u00e7\u00e3o\"><span lang=\"pt\"><strong>Seguro de garantia da compra do im\u00f3vel<\/strong>: Este seguro pode cobrir durante algum tempo problemas tais como infiltra\u00e7\u00f5es, fissuras nas paredes, bolores, sistema el\u00e9trico interior, canaliza\u00e7\u00f5es e sistema de aquecimento.<\/span><\/p>\n<\/li>\n<li>\n<p id=\"tw-target-text\" class=\"tw-data-text tw-text-large tw-ta\" dir=\"ltr\" data-placeholder=\"Tradu\u00e7\u00e3o\"><span lang=\"pt\"><strong>Obras de reforma ou aperfei\u00e7oamento<\/strong>: referem-se \u00e0s principais obras de habita\u00e7\u00e3o ou constru\u00e7\u00e3o do im\u00f3vel.<\/span><\/p>\n<\/li>\n<li>\n<p id=\"tw-target-text\" class=\"tw-data-text tw-text-large tw-ta\" dir=\"ltr\" data-placeholder=\"Tradu\u00e7\u00e3o\"><span lang=\"pt\"><strong>Seguro habita\u00e7\u00e3o multi-riscos<\/strong>: seguro para edif\u00edcios ou para o im\u00f3vel, que protege desde as paredes at\u00e9 ao recheio.<\/span><\/p>\n<\/li>\n<\/ul>\n<div class=\"rpbt_shortcode\">\n<h3>Related Posts<\/h3>\n<ul>\n\t\t\t\t\t\n\t\t\t<li>\n\t\t\t\t<a href=\"https:\/\/www.rentila.pt\/blog\/gere-varias-propriedades-assim-pode-manter-tudo-em-ordem\/\">Gere v\u00e1rias propriedades? Assim pode manter tudo em ordem<\/a>\n\t\t\t<\/li>\n\t\t\t\t\t\n\t\t\t<li>\n\t\t\t\t<a href=\"https:\/\/www.rentila.pt\/blog\/deducoes-fiscais-que-todos-os-proprietarios-devem-conhecer-e-como-o-software-ajuda\/\">Dedu\u00e7\u00f5es fiscais que todos os propriet\u00e1rios devem conhecer e como o Software ajuda<\/a>\n\t\t\t<\/li>\n\t\t\t\t\t\n\t\t\t<li>\n\t\t\t\t<a href=\"https:\/\/www.rentila.pt\/blog\/o-futuro-do-arrendamento-tendencias-e-inovacoes-do-mercado\/\">O futuro do arrendamento: Tend\u00eancias e inova\u00e7\u00f5es do mercado<\/a>\n\t\t\t<\/li>\n\t\t\t<\/ul>\n<\/div>\n","protected":false},"excerpt":{"rendered":"<p>Resumo As diferentes obriga\u00e7\u00f5es do locador Os custos ocultos para o propriet\u00e1rio locador Os custos do financiamento imobili\u00e1rio Outros custos a n\u00e3o esquecer quando se \u00e9 propriet\u00e1rio locador Quando compra um im\u00f3vel,\u00a0 j\u00e1 pensou nos custos ocultos para o propriet\u00e1rio do mesmo? E em particular nos custos ocultos quando se \u00e9 propriet\u00e1rio locador? Ao entrar [&hellip;]<\/p>\n","protected":false},"author":4,"featured_media":0,"comment_status":"closed","ping_status":"closed","sticky":false,"template":"","format":"standard","meta":{"footnotes":""},"categories":[2],"tags":[],"class_list":["post-2135","post","type-post","status-publish","format-standard","hentry","category-basics"],"yoast_head":"<!-- This site is optimized with the Yoast SEO plugin v27.4 - https:\/\/yoast.com\/product\/yoast-seo-wordpress\/ -->\n<title>Quais s\u00e3o os custos ocultos para o propriet\u00e1rio? - Blog de gest\u00e3o de im\u00f3veis para propriet\u00e1rios<\/title>\n<meta name=\"description\" content=\"Ao entrar num processo imobili\u00e1rio \u00e9 necess\u00e1rio ter o m\u00e1ximo de informa\u00e7\u00e3o poss\u00edvel. Mas j\u00e1 pensou nos custos ocultos para o propriet\u00e1rio?\" \/>\n<meta name=\"robots\" content=\"index, follow, max-snippet:-1, max-image-preview:large, max-video-preview:-1\" \/>\n<link rel=\"canonical\" href=\"https:\/\/www.rentila.pt\/blog\/quais-sao-os-custos-ocultos-para-o-proprietario\/\" \/>\n<meta property=\"og:locale\" content=\"pt_PT\" \/>\n<meta property=\"og:type\" content=\"article\" \/>\n<meta property=\"og:title\" content=\"Quais s\u00e3o os custos ocultos para o propriet\u00e1rio? - Blog de gest\u00e3o de im\u00f3veis para propriet\u00e1rios\" \/>\n<meta property=\"og:description\" content=\"Ao entrar num processo imobili\u00e1rio \u00e9 necess\u00e1rio ter o m\u00e1ximo de informa\u00e7\u00e3o poss\u00edvel. Mas j\u00e1 pensou nos custos ocultos para o propriet\u00e1rio?\" \/>\n<meta property=\"og:url\" content=\"https:\/\/www.rentila.pt\/blog\/quais-sao-os-custos-ocultos-para-o-proprietario\/\" \/>\n<meta property=\"og:site_name\" content=\"Blog de gest\u00e3o de im\u00f3veis para propriet\u00e1rios\" \/>\n<meta property=\"article:publisher\" content=\"https:\/\/www.facebook.com\/Rentila-Espa%c3%b1a-234200993854422\/\" \/>\n<meta property=\"article:published_time\" content=\"2020-02-22T16:19:00+00:00\" \/>\n<meta property=\"article:modified_time\" content=\"2020-03-19T18:54:11+00:00\" \/>\n<meta property=\"og:image\" content=\"https:\/\/www.rentila.pt\/assets\/img\/blog\/stats_1400.png\" \/>\n<meta name=\"author\" content=\"Rentila\" \/>\n<meta name=\"twitter:card\" content=\"summary_large_image\" \/>\n<meta name=\"twitter:label1\" content=\"Escrito por\" \/>\n\t<meta name=\"twitter:data1\" content=\"Rentila\" \/>\n\t<meta name=\"twitter:label2\" content=\"Tempo estimado de leitura\" \/>\n\t<meta name=\"twitter:data2\" content=\"4 minutos\" \/>\n<script type=\"application\/ld+json\" class=\"yoast-schema-graph\">{\"@context\":\"https:\\\/\\\/schema.org\",\"@graph\":[{\"@type\":\"Article\",\"@id\":\"https:\\\/\\\/www.rentila.pt\\\/blog\\\/quais-sao-os-custos-ocultos-para-o-proprietario\\\/#article\",\"isPartOf\":{\"@id\":\"https:\\\/\\\/www.rentila.pt\\\/blog\\\/quais-sao-os-custos-ocultos-para-o-proprietario\\\/\"},\"author\":{\"name\":\"Rentila\",\"@id\":\"https:\\\/\\\/www.rentila.pt\\\/blog\\\/#\\\/schema\\\/person\\\/5a11361017f4445655e079d0041557b2\"},\"headline\":\"Quais s\u00e3o os custos ocultos para o propriet\u00e1rio?\",\"datePublished\":\"2020-02-22T16:19:00+00:00\",\"dateModified\":\"2020-03-19T18:54:11+00:00\",\"mainEntityOfPage\":{\"@id\":\"https:\\\/\\\/www.rentila.pt\\\/blog\\\/quais-sao-os-custos-ocultos-para-o-proprietario\\\/\"},\"wordCount\":840,\"image\":{\"@id\":\"https:\\\/\\\/www.rentila.pt\\\/blog\\\/quais-sao-os-custos-ocultos-para-o-proprietario\\\/#primaryimage\"},\"thumbnailUrl\":\"https:\\\/\\\/www.rentila.pt\\\/assets\\\/img\\\/blog\\\/blog_accounting.png\",\"articleSection\":[\"Os b\u00e1sicos\"],\"inLanguage\":\"pt-PT\"},{\"@type\":\"WebPage\",\"@id\":\"https:\\\/\\\/www.rentila.pt\\\/blog\\\/quais-sao-os-custos-ocultos-para-o-proprietario\\\/\",\"url\":\"https:\\\/\\\/www.rentila.pt\\\/blog\\\/quais-sao-os-custos-ocultos-para-o-proprietario\\\/\",\"name\":\"Quais s\u00e3o os custos ocultos para o propriet\u00e1rio? - Blog de gest\u00e3o de im\u00f3veis para propriet\u00e1rios\",\"isPartOf\":{\"@id\":\"https:\\\/\\\/www.rentila.pt\\\/blog\\\/#website\"},\"primaryImageOfPage\":{\"@id\":\"https:\\\/\\\/www.rentila.pt\\\/blog\\\/quais-sao-os-custos-ocultos-para-o-proprietario\\\/#primaryimage\"},\"image\":{\"@id\":\"https:\\\/\\\/www.rentila.pt\\\/blog\\\/quais-sao-os-custos-ocultos-para-o-proprietario\\\/#primaryimage\"},\"thumbnailUrl\":\"https:\\\/\\\/www.rentila.pt\\\/assets\\\/img\\\/blog\\\/blog_accounting.png\",\"datePublished\":\"2020-02-22T16:19:00+00:00\",\"dateModified\":\"2020-03-19T18:54:11+00:00\",\"author\":{\"@id\":\"https:\\\/\\\/www.rentila.pt\\\/blog\\\/#\\\/schema\\\/person\\\/5a11361017f4445655e079d0041557b2\"},\"description\":\"Ao entrar num processo imobili\u00e1rio \u00e9 necess\u00e1rio ter o m\u00e1ximo de informa\u00e7\u00e3o poss\u00edvel. Mas j\u00e1 pensou nos custos ocultos para o propriet\u00e1rio?\",\"breadcrumb\":{\"@id\":\"https:\\\/\\\/www.rentila.pt\\\/blog\\\/quais-sao-os-custos-ocultos-para-o-proprietario\\\/#breadcrumb\"},\"inLanguage\":\"pt-PT\",\"potentialAction\":[{\"@type\":\"ReadAction\",\"target\":[\"https:\\\/\\\/www.rentila.pt\\\/blog\\\/quais-sao-os-custos-ocultos-para-o-proprietario\\\/\"]}]},{\"@type\":\"ImageObject\",\"inLanguage\":\"pt-PT\",\"@id\":\"https:\\\/\\\/www.rentila.pt\\\/blog\\\/quais-sao-os-custos-ocultos-para-o-proprietario\\\/#primaryimage\",\"url\":\"https:\\\/\\\/www.rentila.pt\\\/assets\\\/img\\\/blog\\\/blog_accounting.png\",\"contentUrl\":\"https:\\\/\\\/www.rentila.pt\\\/assets\\\/img\\\/blog\\\/blog_accounting.png\"},{\"@type\":\"BreadcrumbList\",\"@id\":\"https:\\\/\\\/www.rentila.pt\\\/blog\\\/quais-sao-os-custos-ocultos-para-o-proprietario\\\/#breadcrumb\",\"itemListElement\":[{\"@type\":\"ListItem\",\"position\":1,\"name\":\"Home\",\"item\":\"https:\\\/\\\/www.rentila.pt\\\/blog\\\/\"},{\"@type\":\"ListItem\",\"position\":2,\"name\":\"Quais s\u00e3o os custos ocultos para o propriet\u00e1rio?\"}]},{\"@type\":\"WebSite\",\"@id\":\"https:\\\/\\\/www.rentila.pt\\\/blog\\\/#website\",\"url\":\"https:\\\/\\\/www.rentila.pt\\\/blog\\\/\",\"name\":\"Blog de gest\u00e3o de im\u00f3veis para propriet\u00e1rios\",\"description\":\"Conselhos pr\u00e1ticos, not\u00edcias imobili\u00e1rias\",\"potentialAction\":[{\"@type\":\"SearchAction\",\"target\":{\"@type\":\"EntryPoint\",\"urlTemplate\":\"https:\\\/\\\/www.rentila.pt\\\/blog\\\/?s={search_term_string}\"},\"query-input\":{\"@type\":\"PropertyValueSpecification\",\"valueRequired\":true,\"valueName\":\"search_term_string\"}}],\"inLanguage\":\"pt-PT\"},{\"@type\":\"Person\",\"@id\":\"https:\\\/\\\/www.rentila.pt\\\/blog\\\/#\\\/schema\\\/person\\\/5a11361017f4445655e079d0041557b2\",\"name\":\"Rentila\",\"image\":{\"@type\":\"ImageObject\",\"inLanguage\":\"pt-PT\",\"@id\":\"https:\\\/\\\/secure.gravatar.com\\\/avatar\\\/c4fca21133a60c87d700e0dacc408e758b6e572296ec467d947953283975eea8?s=96&d=mm&r=g\",\"url\":\"https:\\\/\\\/secure.gravatar.com\\\/avatar\\\/c4fca21133a60c87d700e0dacc408e758b6e572296ec467d947953283975eea8?s=96&d=mm&r=g\",\"contentUrl\":\"https:\\\/\\\/secure.gravatar.com\\\/avatar\\\/c4fca21133a60c87d700e0dacc408e758b6e572296ec467d947953283975eea8?s=96&d=mm&r=g\",\"caption\":\"Rentila\"},\"url\":\"https:\\\/\\\/www.rentila.pt\\\/blog\\\/author\\\/roumen\\\/\"}]}<\/script>\n<!-- \/ Yoast SEO plugin. -->","yoast_head_json":{"title":"Quais s\u00e3o os custos ocultos para o propriet\u00e1rio? - Blog de gest\u00e3o de im\u00f3veis para propriet\u00e1rios","description":"Ao entrar num processo imobili\u00e1rio \u00e9 necess\u00e1rio ter o m\u00e1ximo de informa\u00e7\u00e3o poss\u00edvel. Mas j\u00e1 pensou nos custos ocultos para o propriet\u00e1rio?","robots":{"index":"index","follow":"follow","max-snippet":"max-snippet:-1","max-image-preview":"max-image-preview:large","max-video-preview":"max-video-preview:-1"},"canonical":"https:\/\/www.rentila.pt\/blog\/quais-sao-os-custos-ocultos-para-o-proprietario\/","og_locale":"pt_PT","og_type":"article","og_title":"Quais s\u00e3o os custos ocultos para o propriet\u00e1rio? - Blog de gest\u00e3o de im\u00f3veis para propriet\u00e1rios","og_description":"Ao entrar num processo imobili\u00e1rio \u00e9 necess\u00e1rio ter o m\u00e1ximo de informa\u00e7\u00e3o poss\u00edvel. Mas j\u00e1 pensou nos custos ocultos para o propriet\u00e1rio?","og_url":"https:\/\/www.rentila.pt\/blog\/quais-sao-os-custos-ocultos-para-o-proprietario\/","og_site_name":"Blog de gest\u00e3o de im\u00f3veis para propriet\u00e1rios","article_publisher":"https:\/\/www.facebook.com\/Rentila-Espa%c3%b1a-234200993854422\/","article_published_time":"2020-02-22T16:19:00+00:00","article_modified_time":"2020-03-19T18:54:11+00:00","og_image":[{"url":"https:\/\/www.rentila.pt\/assets\/img\/blog\/stats_1400.png","type":"","width":"","height":""}],"author":"Rentila","twitter_card":"summary_large_image","twitter_misc":{"Escrito por":"Rentila","Tempo estimado de leitura":"4 minutos"},"schema":{"@context":"https:\/\/schema.org","@graph":[{"@type":"Article","@id":"https:\/\/www.rentila.pt\/blog\/quais-sao-os-custos-ocultos-para-o-proprietario\/#article","isPartOf":{"@id":"https:\/\/www.rentila.pt\/blog\/quais-sao-os-custos-ocultos-para-o-proprietario\/"},"author":{"name":"Rentila","@id":"https:\/\/www.rentila.pt\/blog\/#\/schema\/person\/5a11361017f4445655e079d0041557b2"},"headline":"Quais s\u00e3o os custos ocultos para o propriet\u00e1rio?","datePublished":"2020-02-22T16:19:00+00:00","dateModified":"2020-03-19T18:54:11+00:00","mainEntityOfPage":{"@id":"https:\/\/www.rentila.pt\/blog\/quais-sao-os-custos-ocultos-para-o-proprietario\/"},"wordCount":840,"image":{"@id":"https:\/\/www.rentila.pt\/blog\/quais-sao-os-custos-ocultos-para-o-proprietario\/#primaryimage"},"thumbnailUrl":"https:\/\/www.rentila.pt\/assets\/img\/blog\/blog_accounting.png","articleSection":["Os b\u00e1sicos"],"inLanguage":"pt-PT"},{"@type":"WebPage","@id":"https:\/\/www.rentila.pt\/blog\/quais-sao-os-custos-ocultos-para-o-proprietario\/","url":"https:\/\/www.rentila.pt\/blog\/quais-sao-os-custos-ocultos-para-o-proprietario\/","name":"Quais s\u00e3o os custos ocultos para o propriet\u00e1rio? - Blog de gest\u00e3o de im\u00f3veis para propriet\u00e1rios","isPartOf":{"@id":"https:\/\/www.rentila.pt\/blog\/#website"},"primaryImageOfPage":{"@id":"https:\/\/www.rentila.pt\/blog\/quais-sao-os-custos-ocultos-para-o-proprietario\/#primaryimage"},"image":{"@id":"https:\/\/www.rentila.pt\/blog\/quais-sao-os-custos-ocultos-para-o-proprietario\/#primaryimage"},"thumbnailUrl":"https:\/\/www.rentila.pt\/assets\/img\/blog\/blog_accounting.png","datePublished":"2020-02-22T16:19:00+00:00","dateModified":"2020-03-19T18:54:11+00:00","author":{"@id":"https:\/\/www.rentila.pt\/blog\/#\/schema\/person\/5a11361017f4445655e079d0041557b2"},"description":"Ao entrar num processo imobili\u00e1rio \u00e9 necess\u00e1rio ter o m\u00e1ximo de informa\u00e7\u00e3o poss\u00edvel. Mas j\u00e1 pensou nos custos ocultos para o propriet\u00e1rio?","breadcrumb":{"@id":"https:\/\/www.rentila.pt\/blog\/quais-sao-os-custos-ocultos-para-o-proprietario\/#breadcrumb"},"inLanguage":"pt-PT","potentialAction":[{"@type":"ReadAction","target":["https:\/\/www.rentila.pt\/blog\/quais-sao-os-custos-ocultos-para-o-proprietario\/"]}]},{"@type":"ImageObject","inLanguage":"pt-PT","@id":"https:\/\/www.rentila.pt\/blog\/quais-sao-os-custos-ocultos-para-o-proprietario\/#primaryimage","url":"https:\/\/www.rentila.pt\/assets\/img\/blog\/blog_accounting.png","contentUrl":"https:\/\/www.rentila.pt\/assets\/img\/blog\/blog_accounting.png"},{"@type":"BreadcrumbList","@id":"https:\/\/www.rentila.pt\/blog\/quais-sao-os-custos-ocultos-para-o-proprietario\/#breadcrumb","itemListElement":[{"@type":"ListItem","position":1,"name":"Home","item":"https:\/\/www.rentila.pt\/blog\/"},{"@type":"ListItem","position":2,"name":"Quais s\u00e3o os custos ocultos para o propriet\u00e1rio?"}]},{"@type":"WebSite","@id":"https:\/\/www.rentila.pt\/blog\/#website","url":"https:\/\/www.rentila.pt\/blog\/","name":"Blog de gest\u00e3o de im\u00f3veis para propriet\u00e1rios","description":"Conselhos pr\u00e1ticos, not\u00edcias imobili\u00e1rias","potentialAction":[{"@type":"SearchAction","target":{"@type":"EntryPoint","urlTemplate":"https:\/\/www.rentila.pt\/blog\/?s={search_term_string}"},"query-input":{"@type":"PropertyValueSpecification","valueRequired":true,"valueName":"search_term_string"}}],"inLanguage":"pt-PT"},{"@type":"Person","@id":"https:\/\/www.rentila.pt\/blog\/#\/schema\/person\/5a11361017f4445655e079d0041557b2","name":"Rentila","image":{"@type":"ImageObject","inLanguage":"pt-PT","@id":"https:\/\/secure.gravatar.com\/avatar\/c4fca21133a60c87d700e0dacc408e758b6e572296ec467d947953283975eea8?s=96&d=mm&r=g","url":"https:\/\/secure.gravatar.com\/avatar\/c4fca21133a60c87d700e0dacc408e758b6e572296ec467d947953283975eea8?s=96&d=mm&r=g","contentUrl":"https:\/\/secure.gravatar.com\/avatar\/c4fca21133a60c87d700e0dacc408e758b6e572296ec467d947953283975eea8?s=96&d=mm&r=g","caption":"Rentila"},"url":"https:\/\/www.rentila.pt\/blog\/author\/roumen\/"}]}},"_links":{"self":[{"href":"https:\/\/www.rentila.pt\/blog\/wp-json\/wp\/v2\/posts\/2135","targetHints":{"allow":["GET"]}}],"collection":[{"href":"https:\/\/www.rentila.pt\/blog\/wp-json\/wp\/v2\/posts"}],"about":[{"href":"https:\/\/www.rentila.pt\/blog\/wp-json\/wp\/v2\/types\/post"}],"author":[{"embeddable":true,"href":"https:\/\/www.rentila.pt\/blog\/wp-json\/wp\/v2\/users\/4"}],"replies":[{"embeddable":true,"href":"https:\/\/www.rentila.pt\/blog\/wp-json\/wp\/v2\/comments?post=2135"}],"version-history":[{"count":26,"href":"https:\/\/www.rentila.pt\/blog\/wp-json\/wp\/v2\/posts\/2135\/revisions"}],"predecessor-version":[{"id":2187,"href":"https:\/\/www.rentila.pt\/blog\/wp-json\/wp\/v2\/posts\/2135\/revisions\/2187"}],"wp:attachment":[{"href":"https:\/\/www.rentila.pt\/blog\/wp-json\/wp\/v2\/media?parent=2135"}],"wp:term":[{"taxonomy":"category","embeddable":true,"href":"https:\/\/www.rentila.pt\/blog\/wp-json\/wp\/v2\/categories?post=2135"},{"taxonomy":"post_tag","embeddable":true,"href":"https:\/\/www.rentila.pt\/blog\/wp-json\/wp\/v2\/tags?post=2135"}],"curies":[{"name":"wp","href":"https:\/\/api.w.org\/{rel}","templated":true}]}}